{"id":33475,"date":"2025-06-06T11:57:17","date_gmt":"2025-06-06T08:57:17","guid":{"rendered":"https:\/\/www.egemtv.com\/?p=33475"},"modified":"2025-06-06T11:57:22","modified_gmt":"2025-06-06T08:57:22","slug":"altay-fifadaki-dosyalar-icin-harekete-gecti","status":"publish","type":"post","link":"https:\/\/www.egemtv.com\/?p=33475","title":{"rendered":"Altay, FIFA\u2019daki dosyalar i\u00e7in harekete ge\u00e7ti"},"content":{"rendered":"<p>FIFA\u2019da daval\u0131k oldu\u011fu 23 dosyas\u0131 bulunan Altay, Uluslararas\u0131 Spor Tahkim Mahkemesi\u2019nde (CAS) deneyimli bir avukatla i\u015f birli\u011fi yapt\u0131klar\u0131n\u0131 duyurdu.<br \/>\n<br \/>\u0130zmir\u2019in en k\u00f6kl\u00fc kul\u00fcplerinden birisi olan Altay, tarihinin en zor g\u00fcnlerini ya\u015famaya devam ediyor. Ge\u00e7ti\u011fimiz sezon TFF 2. Lig\u2019den, 3. Lig\u2019e d\u00fc\u015fen \u0130zmir ekibinde yeni y\u00f6netim, g\u00f6reve ba\u015flar ba\u015flamaz FIFA\u2019dan gelen ihtarla b\u00fcy\u00fck bir \u015fok ya\u015fad\u0131. Siyah-beyazl\u0131lar, Nijeryal\u0131 futbolcu Adamu Alhassan\u2019\u0131n futbola ba\u015flad\u0131\u011f\u0131 kul\u00fcb\u00fc Kano Pillars\u2019a yakla\u015f\u0131k 30 g\u00fcn i\u00e7inde 78 bin Euro yeti\u015ftiricilik \u00fccreti \u00f6demezse FIFA\u2019dan 6 puan silme cezas\u0131 alacak. Yeni y\u00f6netim, bu durum \u00fczerine harekete ge\u00e7erek Uluslararas\u0131 Spor Tahkim Mahkemesi\u2019nde (CAS) deneyimli bir avukatla i\u015f birli\u011fi yapt\u0131klar\u0131n\u0131 duyurdu. Konuyla ilgili Altay\u2019dan yap\u0131lan a\u00e7\u0131klamada, &#8220;Kul\u00fcb\u00fcm\u00fcz, FIFA nezdindeki futbolcu alacaklar\u0131 ve benzeri dosyalar\u0131n \u00e7\u00f6z\u00fcm\u00fc i\u00e7in profesyonel bir ad\u0131m atm\u0131\u015ft\u0131r. Bu kapsamda, alan\u0131nda deneyimli CAS \/ Uluslararas\u0131 Spor Tahkim Mahkemesi\u2019nden sayg\u0131de\u011fer Avukat Emin \u00d6zkurt ile i\u015f birli\u011fine gidilerek ilgili dosyalar\u0131n takibi ve sonu\u00e7land\u0131r\u0131lmas\u0131 s\u00fcreci ba\u015flat\u0131lm\u0131\u015ft\u0131r. Altay\u2019\u0131m\u0131z\u0131n mali ve sportif gelece\u011fini g\u00fcvence alt\u0131na almak ad\u0131na at\u0131lan bu ad\u0131m\u0131n camiam\u0131za hay\u0131rl\u0131 olmas\u0131n\u0131 dileriz&#8221; denildi.<\/p>\n<p>FIFA\u2019da 23 dosya var<br \/>\n<br \/>FIFA taraf\u0131ndan yabanc\u0131 futbolcular\u0131na olan bor\u00e7lar\u0131 sebebiyle 2021-2022 sezonunun devre aras\u0131nda transfer tahtas\u0131 kapat\u0131lan Altay\u2019\u0131n FIFA\u2019da daval\u0131k 23 dosyas\u0131 bulunuyor. Bor\u00e7lar\u0131 y\u00fcz\u00fcnden zor g\u00fcnler ge\u00e7iren siyah-beyazl\u0131lar\u0131n s\u00f6z konusu futbolcular yakla\u015f\u0131k 11 milyon Euro borcu oldu\u011fu ifade ediliyor.<br \/><\/p>\n","protected":false},"excerpt":{"rendered":"<p>FIFA\u2019da daval\u0131k oldu\u011fu 23 dosyas\u0131 bulunan Altay, Uluslararas\u0131 Spor Tahkim Mahkemesi\u2019nde (CAS) deneyimli bir avukatla i\u015f birli\u011fi yapt\u0131klar\u0131n\u0131 duyurdu. \u0130zmir\u2019in en k\u00f6kl\u00fc kul\u00fcplerinden birisi olan Altay, tarihinin en zor g\u00fcnlerini ya\u015famaya devam ediyor. Ge\u00e7ti\u011fimiz sezon TFF 2. Lig\u2019den, 3. Lig\u2019e d\u00fc\u015fen \u0130zmir ekibinde yeni y\u00f6netim, g\u00f6reve ba\u015flar ba\u015flamaz FIFA\u2019dan gelen ihtarla b\u00fcy\u00fck bir \u015fok ya\u015fad\u0131&#8230;.<\/p>\n","protected":false},"author":1,"featured_media":33476,"comment_status":"open","ping_status":"open","sticky":false,"template":"","format":"standard","meta":{"_crdt_document":"","footnotes":""},"categories":[4],"tags":[],"class_list":["post-33475","post","type-post","status-publish","format-standard","has-post-thumbnail","hentry","category-spor"],"_links":{"self":[{"href":"https:\/\/www.egemtv.com\/index.php?rest_route=\/wp\/v2\/posts\/33475","targetHints":{"allow":["GET"]}}],"collection":[{"href":"https:\/\/www.egemtv.com\/index.php?rest_route=\/wp\/v2\/posts"}],"about":[{"href":"https:\/\/www.egemtv.com\/index.php?rest_route=\/wp\/v2\/types\/post"}],"author":[{"embeddable":true,"href":"https:\/\/www.egemtv.com\/index.php?rest_route=\/wp\/v2\/users\/1"}],"replies":[{"embeddable":true,"href":"https:\/\/www.egemtv.com\/index.php?rest_route=%2Fwp%2Fv2%2Fcomments&post=33475"}],"version-history":[{"count":1,"href":"https:\/\/www.egemtv.com\/index.php?rest_route=\/wp\/v2\/posts\/33475\/revisions"}],"predecessor-version":[{"id":33477,"href":"https:\/\/www.egemtv.com\/index.php?rest_route=\/wp\/v2\/posts\/33475\/revisions\/33477"}],"wp:featuredmedia":[{"embeddable":true,"href":"https:\/\/www.egemtv.com\/index.php?rest_route=\/wp\/v2\/media\/33476"}],"wp:attachment":[{"href":"https:\/\/www.egemtv.com\/index.php?rest_route=%2Fwp%2Fv2%2Fmedia&parent=33475"}],"wp:term":[{"taxonomy":"category","embeddable":true,"href":"https:\/\/www.egemtv.com\/index.php?rest_route=%2Fwp%2Fv2%2Fcategories&post=33475"},{"taxonomy":"post_tag","embeddable":true,"href":"https:\/\/www.egemtv.com\/index.php?rest_route=%2Fwp%2Fv2%2Ftags&post=33475"}],"curies":[{"name":"wp","href":"https:\/\/api.w.org\/{rel}","templated":true}]}}