{"id":33469,"date":"2025-06-06T10:56:51","date_gmt":"2025-06-06T07:56:51","guid":{"rendered":"https:\/\/www.egemtv.com\/?p=33469"},"modified":"2025-06-06T10:56:55","modified_gmt":"2025-06-06T07:56:55","slug":"turkiyenin-gururu-iha-siha-pilot-ve-yer-destek-ekibi-bayramda-gorev-basinda","status":"publish","type":"post","link":"https:\/\/www.egemtv.com\/?p=33469","title":{"rendered":"T\u00fcrkiye\u2019nin gururu \u0130HA-S\u0130HA pilot ve yer destek ekibi bayramda g\u00f6rev ba\u015f\u0131nda"},"content":{"rendered":"<p>Kurban Bayram\u0131\u2019n\u0131n getirdi\u011fi tatil ve huzur ortam\u0131nda milyonlarca vatanda\u015f sevdikleriyle bir araya gelirken, T\u00fcrkiye\u2019nin savunma g\u00fcc\u00fcn\u00fcn en \u00f6nemli unsurlar\u0131ndan biri olan \u0130HA (\u0130nsans\u0131z Hava Arac\u0131) ve S\u0130HA (Silahl\u0131 \u0130nsans\u0131z Hava Arac\u0131) sistemlerini y\u00f6neten kahramanlar, bayramda da g\u00f6revlerinin ba\u015f\u0131nda.<br \/>\n<br \/>T\u00fcrk m\u00fchendisli\u011fiyle geli\u015ftirilen ve savunma sanayisinde d\u00fcnya \u00e7ap\u0131nda ses getiren \u0130HA ve S\u0130HA\u2019lar, yurt i\u00e7i ve s\u0131n\u0131r \u00f6tesinde kesintisiz olarak g\u00f6zetleme, ke\u015fif ve operasyon g\u00f6revlerini s\u00fcrd\u00fcr\u00fcyor. Bu y\u00fcksek teknolojili sistemleri y\u00f6neten pilotlar ve yer destek ekipleri, Kurban Bayram\u0131 boyunca da 7 g\u00fcn 24 saat esas\u0131na g\u00f6re mesailerine devam ediyor.<br \/>\n<br \/>Dalaman Deniz Hava \u00dcs Komutanl\u0131\u011f\u0131nda g\u00f6revli \u0130HA ve S\u0130HA pilotlar\u0131 Kurban Bayram\u0131nda \u2018Mavi Vatan\u2019 ve \u2018Ye\u015fil Vatan\u2019\u0131n g\u00fcveni ve bu topraklarda ya\u015fayan vatanda\u015flar\u0131n huzuru i\u00e7in kesintisiz olarak 7\/24 g\u00f6revlerini ba\u015f\u0131nda. \u0130HA ve S\u0130HA pilotlar\u0131n\u0131n yan\u0131nda teknik ve yard\u0131mc\u0131 personel de Kurban Bayram\u0131n\u0131 sevdiklerinden uzakta g\u00f6revlerinin ba\u015f\u0131nda ge\u00e7iriyor.<br \/>\n<br \/>G\u00fcvenlik g\u00fc\u00e7lerinin sahadaki en b\u00fcy\u00fck destek\u00e7ilerinden biri haline gelen \u0130HA ve S\u0130HA\u2019lar, ter\u00f6rle m\u00fccadeleden s\u0131n\u0131r g\u00fcvenli\u011fine, afet anlar\u0131ndan arama-kurtarma \u00e7al\u0131\u015fmalar\u0131na kadar bir\u00e7ok alanda aktif olarak g\u00f6rev al\u0131yor. Bu operasyonlar\u0131n ba\u015far\u0131s\u0131nda, sistemleri y\u00f6neten teknik personelin ve pilotlar\u0131n \u00f6zverili \u00e7al\u0131\u015fmalar\u0131 b\u00fcy\u00fck pay sahibi.<br \/>\n<br \/>Bayramda da g\u00f6revlerini b\u00fcy\u00fck bir sorumluluk bilinciyle s\u00fcrd\u00fcren \u0130HA-S\u0130HA ekipleri, \u2018Vatan n\u00f6beti bayramda da s\u00fcrer\u2019 anlay\u0131\u015f\u0131yla hareket ediyor.<br \/>\n<br \/>Milli savunman\u0131n dijital g\u00f6z\u00fc haline gelen bu sistemler, T\u00fcrkiye\u2019nin cayd\u0131r\u0131c\u0131 g\u00fcc\u00fcn\u00fc art\u0131rmaya devam ederken, bu ba\u015far\u0131da eme\u011fi ge\u00e7en m\u00fchendisler, teknisyenler ve pilotlar, milletin gurur kayna\u011f\u0131 olmay\u0131 s\u00fcrd\u00fcr\u00fcyor.<br \/><\/p>\n","protected":false},"excerpt":{"rendered":"<p>Kurban Bayram\u0131\u2019n\u0131n getirdi\u011fi tatil ve huzur ortam\u0131nda milyonlarca vatanda\u015f sevdikleriyle bir araya gelirken, T\u00fcrkiye\u2019nin savunma g\u00fcc\u00fcn\u00fcn en \u00f6nemli unsurlar\u0131ndan biri olan \u0130HA (\u0130nsans\u0131z Hava Arac\u0131) ve S\u0130HA (Silahl\u0131 \u0130nsans\u0131z Hava Arac\u0131) sistemlerini y\u00f6neten kahramanlar, bayramda da g\u00f6revlerinin ba\u015f\u0131nda. T\u00fcrk m\u00fchendisli\u011fiyle geli\u015ftirilen ve savunma sanayisinde d\u00fcnya \u00e7ap\u0131nda ses getiren \u0130HA ve S\u0130HA\u2019lar, yurt i\u00e7i ve s\u0131n\u0131r&#8230;<\/p>\n","protected":false},"author":1,"featured_media":33470,"comment_status":"open","ping_status":"open","sticky":false,"template":"","format":"standard","meta":{"_crdt_document":"","footnotes":""},"categories":[1],"tags":[],"class_list":["post-33469","post","type-post","status-publish","format-standard","has-post-thumbnail","hentry","category-guncel"],"_links":{"self":[{"href":"https:\/\/www.egemtv.com\/index.php?rest_route=\/wp\/v2\/posts\/33469","targetHints":{"allow":["GET"]}}],"collection":[{"href":"https:\/\/www.egemtv.com\/index.php?rest_route=\/wp\/v2\/posts"}],"about":[{"href":"https:\/\/www.egemtv.com\/index.php?rest_route=\/wp\/v2\/types\/post"}],"author":[{"embeddable":true,"href":"https:\/\/www.egemtv.com\/index.php?rest_route=\/wp\/v2\/users\/1"}],"replies":[{"embeddable":true,"href":"https:\/\/www.egemtv.com\/index.php?rest_route=%2Fwp%2Fv2%2Fcomments&post=33469"}],"version-history":[{"count":1,"href":"https:\/\/www.egemtv.com\/index.php?rest_route=\/wp\/v2\/posts\/33469\/revisions"}],"predecessor-version":[{"id":33471,"href":"https:\/\/www.egemtv.com\/index.php?rest_route=\/wp\/v2\/posts\/33469\/revisions\/33471"}],"wp:featuredmedia":[{"embeddable":true,"href":"https:\/\/www.egemtv.com\/index.php?rest_route=\/wp\/v2\/media\/33470"}],"wp:attachment":[{"href":"https:\/\/www.egemtv.com\/index.php?rest_route=%2Fwp%2Fv2%2Fmedia&parent=33469"}],"wp:term":[{"taxonomy":"category","embeddable":true,"href":"https:\/\/www.egemtv.com\/index.php?rest_route=%2Fwp%2Fv2%2Fcategories&post=33469"},{"taxonomy":"post_tag","embeddable":true,"href":"https:\/\/www.egemtv.com\/index.php?rest_route=%2Fwp%2Fv2%2Ftags&post=33469"}],"curies":[{"name":"wp","href":"https:\/\/api.w.org\/{rel}","templated":true}]}}