{"id":33463,"date":"2025-06-06T10:56:43","date_gmt":"2025-06-06T07:56:43","guid":{"rendered":"https:\/\/www.egemtv.com\/?p=33463"},"modified":"2025-06-06T10:56:47","modified_gmt":"2025-06-06T07:56:47","slug":"milas-mentes-yolu-kurban-bayrami-oncesi-tamamlandi","status":"publish","type":"post","link":"https:\/\/www.egemtv.com\/?p=33463","title":{"rendered":"Milas Mente\u015f yolu Kurban Bayram\u0131 \u00f6ncesi tamamland\u0131"},"content":{"rendered":"<p>Mu\u011fla B\u00fcy\u00fck\u015fehir Belediyesi, Milas\u2019\u0131n Mente\u015f Mahallesi\u2019nde 16 milyon 500 bin TL\u2019lik yat\u0131r\u0131mla ba\u015flatt\u0131\u011f\u0131 yol \u00e7al\u0131\u015fmas\u0131n\u0131 Kurban Bayram\u0131 \u00f6ncesinde tamamlayarak vatanda\u015flar\u0131n hizmetine sundu.<br \/>\n<br \/>B\u00fcy\u00fck\u015fehir Belediyesi, Milas\u2019\u0131n Mente\u015f Mahallesi\u2019nde yakla\u015f\u0131k 2 bin 400 metre uzunlu\u011fundaki yolda 16 milyon 500 bin TL yat\u0131r\u0131m ile hayata ge\u00e7irdi\u011fi yol \u00e7al\u0131\u015fmas\u0131n\u0131 tamamlad\u0131. Kurban Bayram\u0131 \u00f6ncesinde yol \u00e7al\u0131\u015fmalar\u0131n\u0131 tamamlayarak vatanda\u015flar\u0131n kullan\u0131m\u0131na sunan B\u00fcy\u00fck\u015fehir Belediyesi, \u00e7al\u0131\u015fmalar kapsam\u0131nda, plent miks temel serimi, s\u0131cak asfalt kaplama ve kald\u0131r\u0131m imalat\u0131 olmak \u00fczere kapsaml\u0131 bir yenileme yapt\u0131.<br \/>\n<br \/>Selahattin Devecio\u011flu: &#8220;Ekipler bayramdan \u00f6nce t\u00fcm \u00e7al\u0131\u015fmalar\u0131 tamamlad\u0131&#8221;<br \/>\n<br \/>Mahalle sakinlerinden Selahattin Devecio\u011flu, &#8220;Yolumuzu yenileyen B\u00fcy\u00fck\u015fehir Belediyemize te\u015fekk\u00fcr ederim. Ekipler bayramdan \u00f6nce t\u00fcm \u00e7al\u0131\u015fmalar\u0131 tamamlad\u0131. Yolumuz daha geni\u015f ve g\u00fcvenli oldu. Su bask\u0131nlar\u0131ndan kurtulduk.&#8221; ifadelerini kulland\u0131.<br \/>\n<br \/>Muhtar Bayram Ar\u0131c\u0131: &#8220;B\u00fcy\u00fck\u015fehir Belediyemiz bize iki bayram\u0131 birden ya\u015fatt\u0131&#8221;<br \/>\n<br \/>Mente\u015f Mahalle Muhtar\u0131 Bayram Ar\u0131c\u0131, &#8220;Yollar\u0131m\u0131z\u0131n k\u00f6t\u00fc olmas\u0131ndan dolay\u0131 B\u00fcy\u00fck\u015fehir Belediyemize yolumuzun yenilenmesi i\u00e7in talepte bulunmu\u015ftuk. B\u00fcy\u00fck\u015fehir Belediyemiz k\u0131sa s\u00fcrede yolumuzda \u00e7al\u0131\u015fmalara ba\u015flayarak yolumuzu yeniledi. B\u00fcy\u00fck\u015fehir Belediye Ba\u015fkan\u0131m\u0131z Ahmet Aras\u2019a te\u015fekk\u00fcr ederim. Yolumuzu bayramdan \u00f6nce tamlad\u0131klar\u0131 i\u00e7in bize iki bayram\u0131 birden ya\u015fatt\u0131lar. Yolumuz daha g\u00fcvenli ve kullan\u0131\u015fl\u0131 hale geldi&#8221; dedi.<br \/>\n<br \/>Mu\u011fla B\u00fcy\u00fck\u015fehir Belediyesi Yol Yap\u0131m Bak\u0131m ve Onar\u0131m Dairesi Ba\u015fkanl\u0131\u011f\u0131nda g\u00f6revli Cemal Dumano\u011flu, &#8220;Mu\u011fla B\u00fcy\u00fck\u015fehir Belediyesi olarak Milas il\u00e7emizin Mente\u015f Mahallesi\u2019nde vatanda\u015flardan gelen talepler do\u011frultusunda ba\u015flatt\u0131\u011f\u0131m\u0131z yol \u00e7al\u0131\u015fmas\u0131n\u0131 s\u00f6z verdi\u011fimiz gibi Kurban Bayram\u0131\u2019ndan \u00f6nce tamamlad\u0131k. 16 milyon 500 bin TL yat\u0131r\u0131mla ba\u015flatt\u0131\u011f\u0131m\u0131z yol \u00e7al\u0131\u015fmam\u0131z kapsam\u0131nda yakla\u015f\u0131k 2 bin 400 metre plent miks temel serimi ve s\u0131cak asfalt kaplama \u00e7al\u0131\u015fmalar\u0131n\u0131 tamamlayarak vatanda\u015flar\u0131m\u0131z\u0131n hizmetine sunduk. Mu\u011fla B\u00fcy\u00fck\u015fehir Belediye Ba\u015fkan\u0131m\u0131z Say\u0131n Ahmet Aras\u2019\u0131n \u00f6nc\u00fcl\u00fc\u011f\u00fcnde g\u00fcvenli ve modern yollar yapmaya devam ediyoruz.&#8221; diye konu\u015ftu.<br \/>\n<br \/>Ba\u015fkan Aras: &#8220;Mu\u011fla\u2019m\u0131z\u0131n D\u00f6rt Bir Yan\u0131nda Modern, G\u00fcvenli ve Eri\u015filebilir Yollar Yapmaya Devam Edece\u011fiz&#8221;<br \/>\n<br \/>K\u0131y\u0131 Ege Belediyeler Birli\u011fi ve Mu\u011fla B\u00fcy\u00fck\u015fehir Belediye Ba\u015fkan\u0131 Ahmet Aras, &#8220;Mu\u011fla\u2019m\u0131z\u0131n d\u00f6rt bir yan\u0131nda yol yat\u0131r\u0131mlar\u0131m\u0131za devam ediyoruz. Milas il\u00e7emizin Mente\u015f Mahallesi\u2019nde ba\u015flatt\u0131\u011f\u0131m\u0131z yol \u00e7al\u0131\u015fmalar\u0131m\u0131z\u0131 Kurban Bayram\u0131 \u00f6ncesinde tamamlayarak vatanda\u015flar\u0131m\u0131z\u0131n hizmetine sunduk.<br \/>\n<br \/>Mu\u011fla B\u00fcy\u00fck\u015fehir Belediyesi olarak, sadece bug\u00fcn\u00fcn de\u011fil, gelece\u011fin de ihtiya\u00e7lar\u0131n\u0131 g\u00f6z \u00f6n\u00fcnde bulundurarak yat\u0131r\u0131mlar\u0131m\u0131za y\u00f6n veriyoruz. Her yol \u00e7al\u0131\u015fmam\u0131zda hem\u015fehrilerimizin ya\u015fam kalitesini art\u0131rmay\u0131, mahallelerimizi daha ya\u015fanabilir hale getirmeyi hedefliyoruz. Mu\u011fla\u2019m\u0131z\u0131n d\u00f6rt bir yan\u0131n\u0131 modern, g\u00fcvenli ve eri\u015filebilir yollarla donatmaya devam ederek, hem\u015fehrilerimizin ya\u015fam kalitesini en \u00fcst seviyeye \u00e7\u0131karmak, il\u00e7elerimizi ve mahallelerimizi hak etti\u011fi refaha ula\u015ft\u0131rmak i\u00e7in kararl\u0131l\u0131kla \u00e7al\u0131\u015fmaya devam edece\u011fiz&#8221; dedi.<br \/><\/p>\n","protected":false},"excerpt":{"rendered":"<p>Mu\u011fla B\u00fcy\u00fck\u015fehir Belediyesi, Milas\u2019\u0131n Mente\u015f Mahallesi\u2019nde 16 milyon 500 bin TL\u2019lik yat\u0131r\u0131mla ba\u015flatt\u0131\u011f\u0131 yol \u00e7al\u0131\u015fmas\u0131n\u0131 Kurban Bayram\u0131 \u00f6ncesinde tamamlayarak vatanda\u015flar\u0131n hizmetine sundu. B\u00fcy\u00fck\u015fehir Belediyesi, Milas\u2019\u0131n Mente\u015f Mahallesi\u2019nde yakla\u015f\u0131k 2 bin 400 metre uzunlu\u011fundaki yolda 16 milyon 500 bin TL yat\u0131r\u0131m ile hayata ge\u00e7irdi\u011fi yol \u00e7al\u0131\u015fmas\u0131n\u0131 tamamlad\u0131. Kurban Bayram\u0131 \u00f6ncesinde yol \u00e7al\u0131\u015fmalar\u0131n\u0131 tamamlayarak vatanda\u015flar\u0131n kullan\u0131m\u0131na sunan&#8230;<\/p>\n","protected":false},"author":1,"featured_media":33464,"comment_status":"open","ping_status":"open","sticky":false,"template":"","format":"standard","meta":{"_crdt_document":"","footnotes":""},"categories":[1],"tags":[],"class_list":["post-33463","post","type-post","status-publish","format-standard","has-post-thumbnail","hentry","category-guncel"],"_links":{"self":[{"href":"https:\/\/www.egemtv.com\/index.php?rest_route=\/wp\/v2\/posts\/33463","targetHints":{"allow":["GET"]}}],"collection":[{"href":"https:\/\/www.egemtv.com\/index.php?rest_route=\/wp\/v2\/posts"}],"about":[{"href":"https:\/\/www.egemtv.com\/index.php?rest_route=\/wp\/v2\/types\/post"}],"author":[{"embeddable":true,"href":"https:\/\/www.egemtv.com\/index.php?rest_route=\/wp\/v2\/users\/1"}],"replies":[{"embeddable":true,"href":"https:\/\/www.egemtv.com\/index.php?rest_route=%2Fwp%2Fv2%2Fcomments&post=33463"}],"version-history":[{"count":1,"href":"https:\/\/www.egemtv.com\/index.php?rest_route=\/wp\/v2\/posts\/33463\/revisions"}],"predecessor-version":[{"id":33465,"href":"https:\/\/www.egemtv.com\/index.php?rest_route=\/wp\/v2\/posts\/33463\/revisions\/33465"}],"wp:featuredmedia":[{"embeddable":true,"href":"https:\/\/www.egemtv.com\/index.php?rest_route=\/wp\/v2\/media\/33464"}],"wp:attachment":[{"href":"https:\/\/www.egemtv.com\/index.php?rest_route=%2Fwp%2Fv2%2Fmedia&parent=33463"}],"wp:term":[{"taxonomy":"category","embeddable":true,"href":"https:\/\/www.egemtv.com\/index.php?rest_route=%2Fwp%2Fv2%2Fcategories&post=33463"},{"taxonomy":"post_tag","embeddable":true,"href":"https:\/\/www.egemtv.com\/index.php?rest_route=%2Fwp%2Fv2%2Ftags&post=33463"}],"curies":[{"name":"wp","href":"https:\/\/api.w.org\/{rel}","templated":true}]}}