{"id":33460,"date":"2025-06-06T10:56:38","date_gmt":"2025-06-06T07:56:38","guid":{"rendered":"https:\/\/www.egemtv.com\/?p=33460"},"modified":"2025-06-06T10:56:43","modified_gmt":"2025-06-06T07:56:43","slug":"gorme-engeline-ragmen-25-yildir-bicak-biliyor","status":"publish","type":"post","link":"https:\/\/www.egemtv.com\/?p=33460","title":{"rendered":"G\u00f6rme engeline ra\u011fmen 25 y\u0131ld\u0131r b\u0131\u00e7ak biliyor"},"content":{"rendered":"<p>\u0130zmir\u2019de g\u00f6rme engeline ra\u011fmen yakla\u015f\u0131k 25 y\u0131ld\u0131r b\u0131\u00e7ak bileme i\u015fi yapan Zekeriya Y\u00fcce, azimli ki\u015fili\u011fiyle dikkat \u00e7ekiyor. B\u0131\u00e7aklar\u0131 elleriyle hissederek biledi\u011fini s\u00f6yleyen Y\u00fcce, &#8220;M\u00fc\u015fteri b\u0131\u00e7ak biletmeye d\u00fckkana geldi\u011finde \u2018Ustan yok mu?\u2019 diyorlard\u0131, ben de \u2018Bileyici benim\u2019 diyordum; tabii teredd\u00fct ediyorlar ama zar zor olsa da b\u0131\u00e7a\u011f\u0131 b\u0131rak\u0131yorlard\u0131&#8221; dedi.<br \/>\n<br \/>\u0130zmir\u2019in Bayrakl\u0131 il\u00e7esinde ya\u015fayan Zekeriya Y\u00fcce, yakla\u015f\u0131k 25 y\u0131ld\u0131r \u00c7ay Mahallesi\u2019nde Sancak Camii\u2019nin alt\u0131ndaki d\u00fckkan\u0131nda b\u0131\u00e7ak bileme i\u015fiyle u\u011fra\u015f\u0131yor. Sa\u011f g\u00f6z\u00fc do\u011fu\u015ftan g\u00f6rmeyen, sol g\u00f6z\u00fcnde de y\u00fczde 50\u2019lik g\u00f6rme kabiliyeti olan Y\u00fcce, b\u0131\u00e7ak bileme i\u015fini k\u00fc\u00e7\u00fck ya\u015flarda day\u0131s\u0131n\u0131n yan\u0131nda \u00f6\u011frenmeye ba\u015flad\u0131. Mesle\u011finde pi\u015ftikten sonra 17 ya\u015f\u0131nda kendi i\u015f yerini a\u00e7an Y\u00fcce, ilk zamanlar\u0131nda g\u00fcn\u00fc siftahs\u0131z kapatsa da \u015fimdilerde sipari\u015flere yeti\u015femiyor. \u00d6zellikle Kurban Bayram\u0131 \u00f6nce i\u015flerinin yo\u011funla\u015ft\u0131\u011f\u0131n\u0131 s\u00f6yleyen Y\u00fcce, &#8220;Rahmetli babam in\u015faat ustas\u0131yd\u0131, \u00c7i\u011fli\u2019de rahmetli day\u0131m\u0131n d\u00fckkan\u0131 vard\u0131, ilk orada ba\u015flad\u0131m 12-13 ya\u015flar\u0131nda ve bu d\u00fckkan\u0131 17 ya\u015f\u0131ndayken a\u00e7t\u0131m. \u0130lk a\u00e7t\u0131\u011f\u0131m senelerde, m\u00fc\u015fteri bir b\u0131\u00e7ak biletmeye d\u00fckkana geldi\u011finde \u2019Usta yok mu?\u2019 diyorlard\u0131, ben de \u2019Bileyici benim\u2019 diyordum; tabii teredd\u00fct ediyorlar ama zar zor da olsa b\u0131\u00e7a\u011f\u0131 b\u0131rak\u0131yorlard\u0131. Sonra biledikten sonra bir dahaki y\u0131l bir m\u00fc\u015fteri, on m\u00fc\u015fteri getiriyordu. D\u00fckkan\u0131mda bir de ya\u015fl\u0131 bir amcam\u0131z vard\u0131, o g\u00f6z kulak olurdu bize. Onun kontrol\u00fcnde biliyordum, o da eski b\u0131\u00e7ak\u00e7\u0131lardand\u0131, sayesinde millet g\u00fcvenerek b\u0131\u00e7ak getirmeye ba\u015flad\u0131&#8221; ifadelerini kulland\u0131.<\/p>\n<p>Her ge\u00e7en g\u00fcn m\u00fc\u015fterileri artt\u0131<br \/>\n<br \/>\u015eimdilerde sipari\u015flere yeti\u015fmekte g\u00fc\u00e7l\u00fck \u00e7ekti\u011fini ifade eden Y\u00fcce, &#8220;B\u0131\u00e7aklar\u0131n a\u011fz\u0131n\u0131 g\u00f6rmeden bileme yap\u0131yorum. Ellerimle hissederek biliyorum ve yakla\u015f\u0131k 25 y\u0131lda hi\u00e7bir \u015fikayetle kar\u015f\u0131la\u015fmad\u0131k, g\u00fcn ge\u00e7tik\u00e7e i\u015flerimiz artt\u0131; millet memnun ki bize geliyor. \u00c7ok zorluklar \u00e7ektim; ilk a\u00e7t\u0131\u011f\u0131m y\u0131llarda bir iki m\u00fc\u015fteriyle d\u00fckkan\u0131 kapat\u0131yorduk ama \u015fimdi Allah\u2019a \u015f\u00fck\u00fcr sabahl\u0131yoruz. Bir iki arkada\u015f\u0131m\u0131z da geliyor, elemanlar\u0131m\u0131z var, yard\u0131mc\u0131 oluyorlar sa\u011f olsunlar, bu \u015fekilde devam ediyoruz. Biz b\u00fct\u00fcn b\u0131\u00e7aklara ayn\u0131 \u00f6zeni g\u00f6steriyoruz. Yo\u011funluktan \u00e7apan\u0131 almad\u0131\u011f\u0131m\u0131z ya da m\u00fc\u015fteriyi b\u0131\u00e7a\u011f\u0131n\u0131 almadan g\u00f6nderdi\u011fimiz oluyor; yo\u011funluktan dolay\u0131 bir g\u00fcn sonra veriyoruz, m\u00fc\u015fteri de b\u0131rakam\u0131yor. O y\u00fczden erken, bayramdan bir hafta, on g\u00fcn \u00f6nceden getirmesi iyi olur&#8221; dedi.<br \/>\n<br \/>B\u0131\u00e7ak almaya gelen m\u00fc\u015fteri Cem Kavut ise, &#8220;A\u015fa\u011f\u0131 yukar\u0131 tahminen 10 y\u0131ld\u0131r en az bu d\u00fckkana geliyorum. Hem b\u0131\u00e7ak al\u0131yorum hem b\u0131\u00e7ak biletiyorum. \u0130\u015f\u00e7ili\u011finden \u00e7ok memnun kald\u0131\u011f\u0131m i\u00e7in herkese de tavsiye ederim. Bu tarz i\u015fletmeler ya\u015fas\u0131n istiyorum. Toplumsal hayat\u0131m\u0131zda \u00e7ok \u00f6nemli yerleri var. Maalesef gittik\u00e7e azal\u0131yorlar. Umar\u0131m uzun y\u0131llar gelmeye devam ederim. O da \u00e7al\u0131\u015fmaya devam eder&#8221; ifadelerini kulland\u0131.<br \/><\/p>\n","protected":false},"excerpt":{"rendered":"<p>\u0130zmir\u2019de g\u00f6rme engeline ra\u011fmen yakla\u015f\u0131k 25 y\u0131ld\u0131r b\u0131\u00e7ak bileme i\u015fi yapan Zekeriya Y\u00fcce, azimli ki\u015fili\u011fiyle dikkat \u00e7ekiyor. B\u0131\u00e7aklar\u0131 elleriyle hissederek biledi\u011fini s\u00f6yleyen Y\u00fcce, &#8220;M\u00fc\u015fteri b\u0131\u00e7ak biletmeye d\u00fckkana geldi\u011finde \u2018Ustan yok mu?\u2019 diyorlard\u0131, ben de \u2018Bileyici benim\u2019 diyordum; tabii teredd\u00fct ediyorlar ama zar zor olsa da b\u0131\u00e7a\u011f\u0131 b\u0131rak\u0131yorlard\u0131&#8221; dedi. \u0130zmir\u2019in Bayrakl\u0131 il\u00e7esinde ya\u015fayan Zekeriya Y\u00fcce, yakla\u015f\u0131k&#8230;<\/p>\n","protected":false},"author":1,"featured_media":33461,"comment_status":"open","ping_status":"open","sticky":false,"template":"","format":"standard","meta":{"_crdt_document":"","footnotes":""},"categories":[123],"tags":[],"class_list":["post-33460","post","type-post","status-publish","format-standard","has-post-thumbnail","hentry","category-gundem"],"_links":{"self":[{"href":"https:\/\/www.egemtv.com\/index.php?rest_route=\/wp\/v2\/posts\/33460","targetHints":{"allow":["GET"]}}],"collection":[{"href":"https:\/\/www.egemtv.com\/index.php?rest_route=\/wp\/v2\/posts"}],"about":[{"href":"https:\/\/www.egemtv.com\/index.php?rest_route=\/wp\/v2\/types\/post"}],"author":[{"embeddable":true,"href":"https:\/\/www.egemtv.com\/index.php?rest_route=\/wp\/v2\/users\/1"}],"replies":[{"embeddable":true,"href":"https:\/\/www.egemtv.com\/index.php?rest_route=%2Fwp%2Fv2%2Fcomments&post=33460"}],"version-history":[{"count":1,"href":"https:\/\/www.egemtv.com\/index.php?rest_route=\/wp\/v2\/posts\/33460\/revisions"}],"predecessor-version":[{"id":33462,"href":"https:\/\/www.egemtv.com\/index.php?rest_route=\/wp\/v2\/posts\/33460\/revisions\/33462"}],"wp:featuredmedia":[{"embeddable":true,"href":"https:\/\/www.egemtv.com\/index.php?rest_route=\/wp\/v2\/media\/33461"}],"wp:attachment":[{"href":"https:\/\/www.egemtv.com\/index.php?rest_route=%2Fwp%2Fv2%2Fmedia&parent=33460"}],"wp:term":[{"taxonomy":"category","embeddable":true,"href":"https:\/\/www.egemtv.com\/index.php?rest_route=%2Fwp%2Fv2%2Fcategories&post=33460"},{"taxonomy":"post_tag","embeddable":true,"href":"https:\/\/www.egemtv.com\/index.php?rest_route=%2Fwp%2Fv2%2Ftags&post=33460"}],"curies":[{"name":"wp","href":"https:\/\/api.w.org\/{rel}","templated":true}]}}