{"id":33457,"date":"2025-06-06T10:36:04","date_gmt":"2025-06-06T07:36:04","guid":{"rendered":"https:\/\/www.egemtv.com\/?p=33457"},"modified":"2025-06-06T10:36:09","modified_gmt":"2025-06-06T07:36:09","slug":"goztepe-ogun-bayrakin-sozlesmesini-uzatti","status":"publish","type":"post","link":"https:\/\/www.egemtv.com\/?p=33457","title":{"rendered":"G\u00f6ztepe, Og\u00fcn Bayrak\u2019\u0131n s\u00f6zle\u015fmesini uzatt\u0131"},"content":{"rendered":"<p>G\u00f6ztepe, Og\u00fcn Bayrak\u2019\u0131n s\u00f6zle\u015fmesinde bulunan 1 y\u0131l daha uzatma opsiyonunu kulland\u0131\u011f\u0131n\u0131 T\u00fcrkiye Futbol Federasyonu\u2019na (TFF) bildirdi.<br \/>\n<br \/>Trendyol S\u00fcper Lig\u2019de yeni sezon transfer \u00e7al\u0131\u015fmalar\u0131na ba\u015flayan G\u00f6ztepe, bu kapsamda i\u00e7 transfere \u00f6ncelik verdi. \u0130lk olarak 28 ya\u015f\u0131ndaki orta saha oyuncusu Ahmed Ild\u0131z ile de yola devam karar\u0131 alan \u0130zmir ekibi, \u015fimdi de sa\u011f bek b\u00f6lgesinde oynayan Og\u00fcn Bayrak\u2019la masaya oturdu. Sar\u0131-k\u0131rm\u0131z\u0131l\u0131lar, 26 ya\u015f\u0131ndaki savunma oyuncusunun s\u00f6zle\u015fmesindeki 1 y\u0131ll\u0131k uzatma opsiyonunu kulland\u0131\u011f\u0131n\u0131 T\u00fcrkiye Futbol Federasyonu\u2019na (TFF) bildirdi. B\u00f6ylece Og\u00fcn Bayrak, yeni sezonda da G\u00f6ztepe formas\u0131n\u0131 giyecek.<\/p>\n<p>Ge\u00e7ti\u011fimiz sezon 28 ma\u00e7a \u00e7\u0131kt\u0131<br \/>\n<br \/>Teknik Direkt\u00f6r Stanimir Stoilov\u2019un ge\u00e7ti\u011fimiz sezon S\u00fcper Lig\u2019de ve T\u00fcrkiye Kupas\u0131\u2019nda toplam 28 ma\u00e7ta g\u00f6rev verdi\u011fi Og\u00fcn Bayrak, 1923 dakika sahada kald\u0131. 26 ya\u015f\u0131ndaki oyuncu, bu s\u00fcre\u00e7te skor \u00fcretemezken, 1 asistlik katk\u0131 verdi. Ayr\u0131ca deneyimli oyuncu, 3 sar\u0131 kart\u0131n yan\u0131 s\u0131ra 1 de k\u0131rm\u0131z\u0131 kart g\u00f6rd\u00fc.<br \/><\/p>\n","protected":false},"excerpt":{"rendered":"<p>G\u00f6ztepe, Og\u00fcn Bayrak\u2019\u0131n s\u00f6zle\u015fmesinde bulunan 1 y\u0131l daha uzatma opsiyonunu kulland\u0131\u011f\u0131n\u0131 T\u00fcrkiye Futbol Federasyonu\u2019na (TFF) bildirdi. Trendyol S\u00fcper Lig\u2019de yeni sezon transfer \u00e7al\u0131\u015fmalar\u0131na ba\u015flayan G\u00f6ztepe, bu kapsamda i\u00e7 transfere \u00f6ncelik verdi. \u0130lk olarak 28 ya\u015f\u0131ndaki orta saha oyuncusu Ahmed Ild\u0131z ile de yola devam karar\u0131 alan \u0130zmir ekibi, \u015fimdi de sa\u011f bek b\u00f6lgesinde oynayan Og\u00fcn&#8230;<\/p>\n","protected":false},"author":1,"featured_media":33458,"comment_status":"open","ping_status":"open","sticky":false,"template":"","format":"standard","meta":{"_crdt_document":"","footnotes":""},"categories":[4],"tags":[],"class_list":["post-33457","post","type-post","status-publish","format-standard","has-post-thumbnail","hentry","category-spor"],"_links":{"self":[{"href":"https:\/\/www.egemtv.com\/index.php?rest_route=\/wp\/v2\/posts\/33457","targetHints":{"allow":["GET"]}}],"collection":[{"href":"https:\/\/www.egemtv.com\/index.php?rest_route=\/wp\/v2\/posts"}],"about":[{"href":"https:\/\/www.egemtv.com\/index.php?rest_route=\/wp\/v2\/types\/post"}],"author":[{"embeddable":true,"href":"https:\/\/www.egemtv.com\/index.php?rest_route=\/wp\/v2\/users\/1"}],"replies":[{"embeddable":true,"href":"https:\/\/www.egemtv.com\/index.php?rest_route=%2Fwp%2Fv2%2Fcomments&post=33457"}],"version-history":[{"count":1,"href":"https:\/\/www.egemtv.com\/index.php?rest_route=\/wp\/v2\/posts\/33457\/revisions"}],"predecessor-version":[{"id":33459,"href":"https:\/\/www.egemtv.com\/index.php?rest_route=\/wp\/v2\/posts\/33457\/revisions\/33459"}],"wp:featuredmedia":[{"embeddable":true,"href":"https:\/\/www.egemtv.com\/index.php?rest_route=\/wp\/v2\/media\/33458"}],"wp:attachment":[{"href":"https:\/\/www.egemtv.com\/index.php?rest_route=%2Fwp%2Fv2%2Fmedia&parent=33457"}],"wp:term":[{"taxonomy":"category","embeddable":true,"href":"https:\/\/www.egemtv.com\/index.php?rest_route=%2Fwp%2Fv2%2Fcategories&post=33457"},{"taxonomy":"post_tag","embeddable":true,"href":"https:\/\/www.egemtv.com\/index.php?rest_route=%2Fwp%2Fv2%2Ftags&post=33457"}],"curies":[{"name":"wp","href":"https:\/\/api.w.org\/{rel}","templated":true}]}}