{"id":33454,"date":"2025-06-06T10:36:00","date_gmt":"2025-06-06T07:36:00","guid":{"rendered":"https:\/\/www.egemtv.com\/?p=33454"},"modified":"2025-06-06T10:36:04","modified_gmt":"2025-06-06T07:36:04","slug":"pamuk-uretim-merkezi-buyuk-menderes-ovasinda-kuraklik-nedeniyle-uretici-misira-yoneldi","status":"publish","type":"post","link":"https:\/\/www.egemtv.com\/?p=33454","title":{"rendered":"Pamuk \u00fcretim merkezi B\u00fcy\u00fck Menderes Ovas\u0131\u2019nda kurakl\u0131k nedeniyle \u00fcretici m\u0131s\u0131ra y\u00f6neldi"},"content":{"rendered":"<p>T\u00fcrkiye\u2019nin \u00f6nemli pamuk \u00fcretim alanlar\u0131ndan Ayd\u0131n B\u00fcy\u00fck Menderes Ovas\u0131\u2019nda etkili olan kurakl\u0131k nedeniyle \u00e7ift\u00e7iler m\u0131s\u0131r \u00fcretimine y\u00f6neldi. Su s\u0131k\u0131nt\u0131s\u0131 nedeniyle pamuk ekiminden vazge\u00e7mek zorunda kald\u0131klar\u0131n\u0131 belirten \u00e7ift\u00e7iler, eski g\u00fcnleri arad\u0131klar\u0131n\u0131 belirtti.<\/p>\n<p>Meyve sebze \u00fcretiminin yan\u0131nda \u00fclkenin en \u00f6nemli pamuk \u00fcretim merkezlerinin ba\u015f\u0131nda gelen Ayd\u0131n Ovas\u0131\u2019nda bu y\u0131l pamuk ekimi kurakl\u0131ktan dolay\u0131 olduk\u00e7a azald\u0131. Daha \u00f6nceki y\u0131llarda bir sende 3 \u00fcr\u00fcn ald\u0131klar\u0131n\u0131 belirten Ayd\u0131nl\u0131 \u00e7ift\u00e7ilerden Murat K\u0131l\u0131\u00e7, &#8220;Eskiden B\u00fcy\u00fck menderes Ovas\u0131\u2019nda en b\u00fcy\u00fck s\u0131k\u0131nt\u0131lar\u0131m\u0131zdan biri Menderes Nehri\u2019nde ya\u015fanan ta\u015fk\u0131nlar idi. Yakla\u015f\u0131k 10 -15 y\u0131l \u00f6nce nehir ta\u015ft\u0131\u011f\u0131 i\u00e7in t\u00fcm ova sular alt\u0131nda kal\u0131r ve tarlay\u0131 ekmek i\u00e7in topra\u011f\u0131n kurumas\u0131n\u0131 beklerdik. Art\u0131k o g\u00fcnler mazide kald\u0131. \u015eimdi ta\u015fk\u0131nlardan de\u011fil susuzluktan dolay\u0131 \u00e7aresiz kald\u0131k. Ge\u00e7en y\u0131l kurakl\u0131k vard\u0131. Barajlardaki su ile idare edildi. Bu y\u0131l kurak oldu\u011fu gibi barajlardaki su seviyesi de olduk\u00e7a d\u00fc\u015f\u00fck. Su verilemeyece\u011fi i\u00e7in pamuk ekiminden vazge\u00e7mek zorunda kald\u0131k. \u0130n\u015fallah m\u0131s\u0131r\u0131 b\u00fcy\u00fct\u00fcr\u00fcz&#8221; diyerek Ege\u2019de \u00e7ift\u00e7ili\u011fin en b\u00fcy\u00fck sorunlar\u0131ndan birinin art\u0131k susuzluk oldu\u011funu belirtti.<\/p>\n<p>Bu y\u0131l k\u0131\u015f mevsiminin uzun s\u00fcrmesi ve havalar\u0131n ge\u00e7 \u0131s\u0131nmas\u0131ndan dolay\u0131 ekim i\u015flerinin gecikmeli ba\u015flad\u0131\u011f\u0131n\u0131 belirten Murat K\u0131l\u0131\u00e7, &#8220;Bereketli Ayd\u0131n Ovas\u0131\u2019nda her ge\u00e7en y\u0131l susuzluk ve kurakl\u0131k art\u0131yor. Bizim as\u0131l \u00fcr\u00fcn\u00fcm\u00fcz pamuk idi. Ancak kurakl\u0131ktan dolay\u0131 \u00e7ift\u00e7iler alternatif \u00fcr\u00fcn olarak m\u0131s\u0131r ekmeye ba\u015flad\u0131&#8221; diyerek kendileri gibi bu y\u0131l \u00e7ift\u00e7ilerin b\u00fcy\u00fck \u00e7o\u011funlu\u011funun m\u0131s\u0131r \u00fcretimine y\u00f6neldi\u011fini kaydetti.<br \/><\/p>\n","protected":false},"excerpt":{"rendered":"<p>T\u00fcrkiye\u2019nin \u00f6nemli pamuk \u00fcretim alanlar\u0131ndan Ayd\u0131n B\u00fcy\u00fck Menderes Ovas\u0131\u2019nda etkili olan kurakl\u0131k nedeniyle \u00e7ift\u00e7iler m\u0131s\u0131r \u00fcretimine y\u00f6neldi. Su s\u0131k\u0131nt\u0131s\u0131 nedeniyle pamuk ekiminden vazge\u00e7mek zorunda kald\u0131klar\u0131n\u0131 belirten \u00e7ift\u00e7iler, eski g\u00fcnleri arad\u0131klar\u0131n\u0131 belirtti. Meyve sebze \u00fcretiminin yan\u0131nda \u00fclkenin en \u00f6nemli pamuk \u00fcretim merkezlerinin ba\u015f\u0131nda gelen Ayd\u0131n Ovas\u0131\u2019nda bu y\u0131l pamuk ekimi kurakl\u0131ktan dolay\u0131 olduk\u00e7a azald\u0131. Daha \u00f6nceki&#8230;<\/p>\n","protected":false},"author":1,"featured_media":33455,"comment_status":"open","ping_status":"open","sticky":false,"template":"","format":"standard","meta":{"_crdt_document":"","footnotes":""},"categories":[1],"tags":[],"class_list":["post-33454","post","type-post","status-publish","format-standard","has-post-thumbnail","hentry","category-guncel"],"_links":{"self":[{"href":"https:\/\/www.egemtv.com\/index.php?rest_route=\/wp\/v2\/posts\/33454","targetHints":{"allow":["GET"]}}],"collection":[{"href":"https:\/\/www.egemtv.com\/index.php?rest_route=\/wp\/v2\/posts"}],"about":[{"href":"https:\/\/www.egemtv.com\/index.php?rest_route=\/wp\/v2\/types\/post"}],"author":[{"embeddable":true,"href":"https:\/\/www.egemtv.com\/index.php?rest_route=\/wp\/v2\/users\/1"}],"replies":[{"embeddable":true,"href":"https:\/\/www.egemtv.com\/index.php?rest_route=%2Fwp%2Fv2%2Fcomments&post=33454"}],"version-history":[{"count":1,"href":"https:\/\/www.egemtv.com\/index.php?rest_route=\/wp\/v2\/posts\/33454\/revisions"}],"predecessor-version":[{"id":33456,"href":"https:\/\/www.egemtv.com\/index.php?rest_route=\/wp\/v2\/posts\/33454\/revisions\/33456"}],"wp:featuredmedia":[{"embeddable":true,"href":"https:\/\/www.egemtv.com\/index.php?rest_route=\/wp\/v2\/media\/33455"}],"wp:attachment":[{"href":"https:\/\/www.egemtv.com\/index.php?rest_route=%2Fwp%2Fv2%2Fmedia&parent=33454"}],"wp:term":[{"taxonomy":"category","embeddable":true,"href":"https:\/\/www.egemtv.com\/index.php?rest_route=%2Fwp%2Fv2%2Fcategories&post=33454"},{"taxonomy":"post_tag","embeddable":true,"href":"https:\/\/www.egemtv.com\/index.php?rest_route=%2Fwp%2Fv2%2Ftags&post=33454"}],"curies":[{"name":"wp","href":"https:\/\/api.w.org\/{rel}","templated":true}]}}