{"id":33292,"date":"2025-06-05T14:15:56","date_gmt":"2025-06-05T11:15:56","guid":{"rendered":"https:\/\/www.egemtv.com\/?p=33292"},"modified":"2025-06-05T14:16:01","modified_gmt":"2025-06-05T11:16:01","slug":"aydin-protokolu-bayramlasti","status":"publish","type":"post","link":"https:\/\/www.egemtv.com\/?p=33292","title":{"rendered":"Ayd\u0131n protokol\u00fc bayramla\u015ft\u0131"},"content":{"rendered":"<p>Ayd\u0131n\u2019da Kurban Bayram\u0131 resmi bayramla\u015fma t\u00f6reni Ayd\u0131n Valisi Yakup Canbolat\u2019\u0131n ev sahipli\u011finde ger\u00e7ekle\u015ftirildi.<br \/>\n<br \/>Ayd\u0131n Valili\u011fi taraf\u0131ndan kurum amirleri ve siyasi parti temsilcileri ba\u015fta olmak \u00fczere Ayd\u0131n protokol\u00fcn\u00fcn kat\u0131l\u0131m\u0131yla bayramla\u015fma t\u00f6reni d\u00fczenlendi. Ayd\u0131n Valili\u011fi ev sahipli\u011finde ger\u00e7ekle\u015ftirilen bayramla\u015fma program\u0131na yo\u011fun bir kat\u0131l\u0131m olurken, protokol \u00fcyeleri ile bir araya gelen Vali Canbolat, kat\u0131l\u0131mc\u0131lar ile tek tek tokala\u015farak bayramlar\u0131n\u0131 kutlad\u0131.<br \/>\n<br \/>Bayramlar\u0131n birle\u015ftirici g\u00fcc\u00fcne dikkat \u00e7eken Vali Canbolat; &#8220;Milli birlik ve beraberli\u011fin peki\u015fti\u011fi, toplumsal yard\u0131mla\u015fma ve dayan\u0131\u015fma duygular\u0131n\u0131n zirveye ula\u015ft\u0131\u011f\u0131, ihtiya\u00e7 sahiplerinin her zamankinden daha fazla hat\u0131rland\u0131\u011f\u0131, milli ve manevi duygular\u0131n \u00e7a\u011flad\u0131\u011f\u0131 bir Kurban Bayram\u0131\u2019n\u0131 daha hep birlikte kar\u015f\u0131laman\u0131n huzurunu ve mutlulu\u011funu ya\u015f\u0131yoruz. Bayramlar birle\u015ftirici ve b\u00fct\u00fcnle\u015ftirici \u00f6zelli\u011fi ile toplumsal hayat\u0131m\u0131zda \u00f6nemli iyilik ve g\u00fczelliklerin harmanland\u0131\u011f\u0131, sevin\u00e7 ve mutluluklar\u0131n payla\u015f\u0131ld\u0131\u011f\u0131 m\u00fcstesna g\u00fcnlerimizdir&#8221; dedi.<br \/>\n<br \/>Ger\u00e7ekle\u015ftirilen bayramla\u015fma t\u00f6renine Ayd\u0131n Valisi Yakup Canbolat\u2019\u0131n yan\u0131 s\u0131ra Ayd\u0131n B\u00fcy\u00fck\u015fehir Belediye Ba\u015fkan\u0131 \u00d6zlem \u00c7er\u00e7io\u011flu ile siyasi parti temsilcileri ve kurum m\u00fcd\u00fcrleri, sivil toplum kurulu\u015fu temsilcileri kat\u0131ld\u0131.<br \/><\/p>\n","protected":false},"excerpt":{"rendered":"<p>Ayd\u0131n\u2019da Kurban Bayram\u0131 resmi bayramla\u015fma t\u00f6reni Ayd\u0131n Valisi Yakup Canbolat\u2019\u0131n ev sahipli\u011finde ger\u00e7ekle\u015ftirildi. Ayd\u0131n Valili\u011fi taraf\u0131ndan kurum amirleri ve siyasi parti temsilcileri ba\u015fta olmak \u00fczere Ayd\u0131n protokol\u00fcn\u00fcn kat\u0131l\u0131m\u0131yla bayramla\u015fma t\u00f6reni d\u00fczenlendi. Ayd\u0131n Valili\u011fi ev sahipli\u011finde ger\u00e7ekle\u015ftirilen bayramla\u015fma program\u0131na yo\u011fun bir kat\u0131l\u0131m olurken, protokol \u00fcyeleri ile bir araya gelen Vali Canbolat, kat\u0131l\u0131mc\u0131lar ile tek tek tokala\u015farak&#8230;<\/p>\n","protected":false},"author":1,"featured_media":33293,"comment_status":"open","ping_status":"open","sticky":false,"template":"","format":"standard","meta":{"_crdt_document":"","footnotes":""},"categories":[1],"tags":[],"class_list":["post-33292","post","type-post","status-publish","format-standard","has-post-thumbnail","hentry","category-guncel"],"_links":{"self":[{"href":"https:\/\/www.egemtv.com\/index.php?rest_route=\/wp\/v2\/posts\/33292","targetHints":{"allow":["GET"]}}],"collection":[{"href":"https:\/\/www.egemtv.com\/index.php?rest_route=\/wp\/v2\/posts"}],"about":[{"href":"https:\/\/www.egemtv.com\/index.php?rest_route=\/wp\/v2\/types\/post"}],"author":[{"embeddable":true,"href":"https:\/\/www.egemtv.com\/index.php?rest_route=\/wp\/v2\/users\/1"}],"replies":[{"embeddable":true,"href":"https:\/\/www.egemtv.com\/index.php?rest_route=%2Fwp%2Fv2%2Fcomments&post=33292"}],"version-history":[{"count":1,"href":"https:\/\/www.egemtv.com\/index.php?rest_route=\/wp\/v2\/posts\/33292\/revisions"}],"predecessor-version":[{"id":33294,"href":"https:\/\/www.egemtv.com\/index.php?rest_route=\/wp\/v2\/posts\/33292\/revisions\/33294"}],"wp:featuredmedia":[{"embeddable":true,"href":"https:\/\/www.egemtv.com\/index.php?rest_route=\/wp\/v2\/media\/33293"}],"wp:attachment":[{"href":"https:\/\/www.egemtv.com\/index.php?rest_route=%2Fwp%2Fv2%2Fmedia&parent=33292"}],"wp:term":[{"taxonomy":"category","embeddable":true,"href":"https:\/\/www.egemtv.com\/index.php?rest_route=%2Fwp%2Fv2%2Fcategories&post=33292"},{"taxonomy":"post_tag","embeddable":true,"href":"https:\/\/www.egemtv.com\/index.php?rest_route=%2Fwp%2Fv2%2Ftags&post=33292"}],"curies":[{"name":"wp","href":"https:\/\/api.w.org\/{rel}","templated":true}]}}