{"id":33289,"date":"2025-06-05T14:15:52","date_gmt":"2025-06-05T11:15:52","guid":{"rendered":"https:\/\/www.egemtv.com\/?p=33289"},"modified":"2025-06-05T14:15:56","modified_gmt":"2025-06-05T11:15:56","slug":"ak-parti-izmirden-dunya-cevre-gununde-denizde-dip-tarama-temizligi","status":"publish","type":"post","link":"https:\/\/www.egemtv.com\/?p=33289","title":{"rendered":"AK Parti \u0130zmir\u2019den D\u00fcnya \u00c7evre G\u00fcn\u00fc\u2019nde denizde dip tarama temizli\u011fi"},"content":{"rendered":"<p>AK Parti \u0130zmir \u00c7evre, \u015eehir ve K\u00fclt\u00fcr Ba\u015fkanl\u0131\u011f\u0131 taraf\u0131ndan, 5 Haziran D\u00fcnya \u00c7evre G\u00fcn\u00fc etkinlikleri kapsam\u0131nda dalg\u0131\u00e7lar e\u015fli\u011finde eski Fo\u00e7a r\u0131ht\u0131m\u0131nda dip temizli\u011fi ger\u00e7ekle\u015ftirilirken, denizden sandalyeler \u00e7\u0131kt\u0131.<br \/>\n<br \/>AK Parti \u0130zmir \u00c7evre, \u015eehir ve K\u00fclt\u00fcr Ba\u015fkanl\u0131\u011f\u0131 taraf\u0131ndan Eski Fo\u00e7a r\u0131ht\u0131m\u0131nda, 5 Haziran D\u00fcnya \u00c7evre G\u00fcn\u00fc etkinlikleri kapsam\u0131nda dip temizli\u011fi ger\u00e7ekle\u015ftirildi. Etkinli\u011fe, AK Parti \u0130zmir \u0130l Ba\u015fkan Yard\u0131mc\u0131s\u0131 H\u00fcseyin Baran, AK Parti Fo\u00e7a \u0130l\u00e7e Ba\u015fkan\u0131 \u0130rfan \u00c7al\u0131\u015fkan, AK Parti \u0130zmir \u0130l Y\u00f6netim Kurulu \u00fcyeleri ve te\u015fkilat mensuplar\u0131 kat\u0131ld\u0131.<\/p>\n<p>\u00c7evre, \u015eehir ve K\u00fclt\u00fcr\u2019den sorumlu AK Parti Temizlik sonras\u0131 a\u00e7\u0131klama yapan \u0130zmir \u0130l Ba\u015fkan Yard\u0131mc\u0131s\u0131 H\u00fcseyin Baran, &#8220;\u00c7evre Haftas\u0131n\u0131 kutlamak i\u00e7in sizlerle bir araday\u0131z. AK Partimiz kuruldu\u011fu g\u00fcnden bu yana Say\u0131n Cumhurba\u015fkan\u0131m\u0131z\u0131n liderli\u011finde \u00e7evre ve \u015fehircilik alan\u0131nda \u00e7ok b\u00fcy\u00fck hizmetler yapt\u0131, b\u00fcy\u00fck projelere imza att\u0131. Bizden sonraki nesillere daha g\u00fczel, daha temiz bir d\u00fcnya b\u0131rakmak i\u00e7in do\u011fam\u0131z\u0131, \u00e7evremizi korumay\u0131, onu ya\u015fatmay\u0131 en b\u00fcy\u00fck vazife olarak g\u00f6rd\u00fc. AK Parti H\u00fck\u00fbmetleri olarak 81 ilde Millet Bah\u00e7eleri kurduk. A\u011fa\u00e7land\u0131rma seferberli\u011fi  ile milyonlarca a\u011fac\u0131n dikilmesine \u00f6nc\u00fcl\u00fck ettik. Ecdad\u0131m\u0131zdan bizlere miras kalan b\u00fct\u00fcn tarihi ve k\u00fclt\u00fcrel zenginliklerimizi yeniden milletimizle bulu\u015fturduk. \u015eehirlerimizi ihya ve in\u015fa ettik. \u00c7evreye zarar vermeden \u015fehirleri birbirine ba\u011flad\u0131k, yollar, k\u00f6pr\u00fcler t\u00fcneller a\u00e7t\u0131k. Yenilenebilir enerji yat\u0131r\u0131mlar\u0131 ile enerjide devasa hamleler ger\u00e7ekle\u015ftirdik. Do\u011fa dostu, \u00e7evre dostu milli otomobilimiz TOGG\u2019u yollarla bulu\u015fturduk. Kilometrelerce uzunluktaki bisiklet yollar\u0131 a\u00e7t\u0131k. Sanayide ye\u015fil d\u00f6n\u00fc\u015f\u00fcm projesi ile \u00e7evre dostu kalk\u0131nmay\u0131 ba\u015flatt\u0131k. Diren\u00e7li \u015fehirler kurmak ad\u0131na iklim de\u011fi\u015fikli\u011fine kar\u015f\u0131 b\u00fcy\u00fck bir m\u00fccadele ba\u015flatt\u0131k. Emine Erdo\u011fan Han\u0131mefendi\u2019nin himaye etti\u011fi S\u0131f\u0131r At\u0131k Projesiyle k\u00fcresel bir marka olduk ve d\u00fcnyaya a\u00e7\u0131ld\u0131k. De\u011ferli Dava Arkada\u015flar\u0131m; Sizlere \u00e7ok \u00f6nemli bir ger\u00e7e\u011fi, deprem ger\u00e7e\u011fini bir kez daha hat\u0131rlatmak istiyorum. T\u00fcrkiye\u2019miz deprem ku\u015fa\u011f\u0131nda yer alan bir \u00fclke. Bug\u00fcne kadar binlerce karde\u015fimiz depremlerde ve di\u011fer afetlerde hayat\u0131n\u0131 kaybetti. En son 6 \u015eubat Kahramanmara\u015f Depremlerinde 50 binden fazla karde\u015fimiz vefat etti. 14 milyon vatanda\u015f\u0131m\u0131z etkilendi, 11 ilimizde b\u00fcy\u00fck bir y\u0131k\u0131m oldu. Asr\u0131n Felaketinde Devlet\/Millet el ele diyerek Asr\u0131n Dayan\u0131\u015fmas\u0131n\u0131 hep birlikte ger\u00e7ekle\u015ftirdik. Deprem b\u00f6lgesinde bu y\u0131l sonunda 453 bin ba\u011f\u0131ms\u0131z birim in\u015fallah depremzede karde\u015flerimize teslim edilmi\u015f olacak. Ancak bir daha b\u00f6yle b\u00fcy\u00fck bir y\u0131k\u0131m ya\u015famamak i\u00e7in, bir daha tek bir can\u0131m\u0131z\u0131 kaybetmemek i\u00e7in ba\u015fta \u0130stanbul olmak \u00fczere H\u00fck\u00fcmetimiz taraf\u0131ndan ba\u015flat\u0131lan Kentsel D\u00f6n\u00fc\u015f\u00fcm Seferberli\u011fi i\u00e7in gerekli deste\u011fi sa\u011flamak durumunday\u0131z. Bug\u00fcne kadar 1 milyon 500 binden fazla sosyal konut yaparak depreme kar\u015f\u0131 alm\u0131\u015f oldu\u011fumuz \u00f6nlemleri art\u0131rmak i\u00e7in b\u00fct\u00fcn vatanda\u015flar\u0131m\u0131z\u0131 daha da duyarl\u0131 olmaya davet ediyoruz. Birle\u015fmi\u015f Milletler k\u00fcrs\u00fcs\u00fcnden D\u00fcnya Be\u015ften B\u00fcy\u00fckt\u00fcr ve Daha Adil Bir D\u00fcnya M\u00fcmk\u00fcnd\u00fcr diyerek mazlum milletlerin sesi olan Say\u0131n Cumhurba\u015fkan\u0131m\u0131z\u0131n yol arkada\u015flar\u0131, AK Parti\u2019nin neferleri olarak Say\u0131n Cumhurba\u015fkan\u0131m\u0131z\u0131n ilan etti\u011fi 2053 Net S\u0131f\u0131r Emisyon Hedefi ve Ye\u015fil Kalk\u0131nma Vizyonunu ger\u00e7ekle\u015ftirmek \u00fczere yola \u00e7\u0131kt\u0131k. T\u00fcrkiye Y\u00fczy\u0131l\u0131nda bu hedefimize ula\u015fmak i\u00e7in canla, ba\u015fla ve samimiyetle \u00e7al\u0131\u015fmaya devam edece\u011fiz&#8221; ifadelerini kulland\u0131.<br \/><\/p>\n","protected":false},"excerpt":{"rendered":"<p>AK Parti \u0130zmir \u00c7evre, \u015eehir ve K\u00fclt\u00fcr Ba\u015fkanl\u0131\u011f\u0131 taraf\u0131ndan, 5 Haziran D\u00fcnya \u00c7evre G\u00fcn\u00fc etkinlikleri kapsam\u0131nda dalg\u0131\u00e7lar e\u015fli\u011finde eski Fo\u00e7a r\u0131ht\u0131m\u0131nda dip temizli\u011fi ger\u00e7ekle\u015ftirilirken, denizden sandalyeler \u00e7\u0131kt\u0131. AK Parti \u0130zmir \u00c7evre, \u015eehir ve K\u00fclt\u00fcr Ba\u015fkanl\u0131\u011f\u0131 taraf\u0131ndan Eski Fo\u00e7a r\u0131ht\u0131m\u0131nda, 5 Haziran D\u00fcnya \u00c7evre G\u00fcn\u00fc etkinlikleri kapsam\u0131nda dip temizli\u011fi ger\u00e7ekle\u015ftirildi. Etkinli\u011fe, AK Parti \u0130zmir \u0130l Ba\u015fkan&#8230;<\/p>\n","protected":false},"author":1,"featured_media":33290,"comment_status":"open","ping_status":"open","sticky":false,"template":"","format":"standard","meta":{"_crdt_document":"","footnotes":""},"categories":[1],"tags":[],"class_list":["post-33289","post","type-post","status-publish","format-standard","has-post-thumbnail","hentry","category-guncel"],"_links":{"self":[{"href":"https:\/\/www.egemtv.com\/index.php?rest_route=\/wp\/v2\/posts\/33289","targetHints":{"allow":["GET"]}}],"collection":[{"href":"https:\/\/www.egemtv.com\/index.php?rest_route=\/wp\/v2\/posts"}],"about":[{"href":"https:\/\/www.egemtv.com\/index.php?rest_route=\/wp\/v2\/types\/post"}],"author":[{"embeddable":true,"href":"https:\/\/www.egemtv.com\/index.php?rest_route=\/wp\/v2\/users\/1"}],"replies":[{"embeddable":true,"href":"https:\/\/www.egemtv.com\/index.php?rest_route=%2Fwp%2Fv2%2Fcomments&post=33289"}],"version-history":[{"count":1,"href":"https:\/\/www.egemtv.com\/index.php?rest_route=\/wp\/v2\/posts\/33289\/revisions"}],"predecessor-version":[{"id":33291,"href":"https:\/\/www.egemtv.com\/index.php?rest_route=\/wp\/v2\/posts\/33289\/revisions\/33291"}],"wp:featuredmedia":[{"embeddable":true,"href":"https:\/\/www.egemtv.com\/index.php?rest_route=\/wp\/v2\/media\/33290"}],"wp:attachment":[{"href":"https:\/\/www.egemtv.com\/index.php?rest_route=%2Fwp%2Fv2%2Fmedia&parent=33289"}],"wp:term":[{"taxonomy":"category","embeddable":true,"href":"https:\/\/www.egemtv.com\/index.php?rest_route=%2Fwp%2Fv2%2Fcategories&post=33289"},{"taxonomy":"post_tag","embeddable":true,"href":"https:\/\/www.egemtv.com\/index.php?rest_route=%2Fwp%2Fv2%2Ftags&post=33289"}],"curies":[{"name":"wp","href":"https:\/\/api.w.org\/{rel}","templated":true}]}}