{"id":33286,"date":"2025-06-05T14:15:50","date_gmt":"2025-06-05T11:15:50","guid":{"rendered":"https:\/\/www.egemtv.com\/?p=33286"},"modified":"2025-06-05T14:15:52","modified_gmt":"2025-06-05T11:15:52","slug":"is-adami-fatih-file-silahli-saldiri-kamerada","status":"publish","type":"post","link":"https:\/\/www.egemtv.com\/?p=33286","title":{"rendered":"\u0130\u015f adam\u0131 Fatih Fil\u2019e silahl\u0131 sald\u0131r\u0131 kamerada"},"content":{"rendered":"<p>\u0130zmir\u2019in \u00c7e\u015fme il\u00e7esinde i\u015f adam\u0131 Fatih Fil silahl\u0131 sald\u0131r\u0131ya u\u011frad\u0131. O anlar kameraya yans\u0131rken, yaral\u0131 olarak hastaneye kald\u0131r\u0131lan Fil\u2019in sa\u011fl\u0131k durumunun iyi oldu\u011fu \u00f6\u011frenildi.<br \/>\n<br \/>Olay, saat 20.15 s\u0131ralar\u0131nda Ala\u00e7at\u0131 Hac\u0131 Memi\u015f Mahallesi\u2019nde meydana geldi. Filo\u011flu Grup Y\u00f6netim Kurulu Ba\u015fkan\u0131 ve Fenerbah\u00e7e Kongre \u00dcyesi i\u015f adam\u0131 Fatih Fil, bir ki\u015fiyle sokakta y\u00fcr\u00fcrken hen\u00fcz kimli\u011fi belirlenemeyen bir ki\u015finin silahl\u0131 sald\u0131r\u0131s\u0131na u\u011frad\u0131. Sald\u0131rgan\u0131n tabanca ile ate\u015f a\u00e7mas\u0131 sonucu baca\u011f\u0131na 2 kur\u015fun isabet eden Fil, yere y\u0131\u011f\u0131ld\u0131. Sald\u0131rgan olay yerinden ka\u00e7arken, \u00e7evredekilerin ihbar\u0131 \u00fczerine olay yerine polis ve sa\u011fl\u0131k ekipleri sevk edildi. Fil, ambulansla \u00c7e\u015fme Devlet Hastanesi\u2019ne kald\u0131r\u0131ld\u0131. Burada tedaviye al\u0131nan Fatih Fil\u2019in sa\u011fl\u0131k durumunun iyi oldu\u011fu \u00f6\u011frenildi. Emniyet g\u00fc\u00e7leri ise Fatih Fil\u2019e silahl\u0131 sald\u0131r\u0131 ger\u00e7ekle\u015ftiren \u015f\u00fcpheliyi yakalamak i\u00e7in \u00e7al\u0131\u015fma ba\u015flatt\u0131.<br \/>\n<br \/>O anlar kamerada<br \/>\n<br \/>\u00d6te yandan Fatih Fil\u2019e ger\u00e7ekle\u015ftiren silahl\u0131 sald\u0131r\u0131, \u00e7evredeki bir g\u00fcvenlik kameras\u0131 taraf\u0131ndan g\u00f6r\u00fcnt\u00fclendi. G\u00f6r\u00fcnt\u00fcde, Fil\u2019in arkas\u0131ndan gelen bir ki\u015finin tabanca ile ate\u015f a\u00e7t\u0131\u011f\u0131, aya\u011f\u0131na mermiler isabet eden Fatih Fil\u2019in yere y\u0131\u011f\u0131lmas\u0131 ve \u00e7evredekilerin korkuyla ka\u00e7\u0131\u015ft\u0131\u011f\u0131 anlar yer ald\u0131.<br \/>\n<br \/>Olayla ilgili ba\u015flat\u0131lan soru\u015fturma s\u00fcr\u00fcyor.<br \/><\/p>\n","protected":false},"excerpt":{"rendered":"<p>\u0130zmir\u2019in \u00c7e\u015fme il\u00e7esinde i\u015f adam\u0131 Fatih Fil silahl\u0131 sald\u0131r\u0131ya u\u011frad\u0131. O anlar kameraya yans\u0131rken, yaral\u0131 olarak hastaneye kald\u0131r\u0131lan Fil\u2019in sa\u011fl\u0131k durumunun iyi oldu\u011fu \u00f6\u011frenildi. Olay, saat 20.15 s\u0131ralar\u0131nda Ala\u00e7at\u0131 Hac\u0131 Memi\u015f Mahallesi\u2019nde meydana geldi. Filo\u011flu Grup Y\u00f6netim Kurulu Ba\u015fkan\u0131 ve Fenerbah\u00e7e Kongre \u00dcyesi i\u015f adam\u0131 Fatih Fil, bir ki\u015fiyle sokakta y\u00fcr\u00fcrken hen\u00fcz kimli\u011fi belirlenemeyen bir&#8230;<\/p>\n","protected":false},"author":1,"featured_media":33287,"comment_status":"open","ping_status":"open","sticky":false,"template":"","format":"standard","meta":{"_crdt_document":"","footnotes":""},"categories":[5],"tags":[],"class_list":["post-33286","post","type-post","status-publish","format-standard","has-post-thumbnail","hentry","category-asayis"],"_links":{"self":[{"href":"https:\/\/www.egemtv.com\/index.php?rest_route=\/wp\/v2\/posts\/33286","targetHints":{"allow":["GET"]}}],"collection":[{"href":"https:\/\/www.egemtv.com\/index.php?rest_route=\/wp\/v2\/posts"}],"about":[{"href":"https:\/\/www.egemtv.com\/index.php?rest_route=\/wp\/v2\/types\/post"}],"author":[{"embeddable":true,"href":"https:\/\/www.egemtv.com\/index.php?rest_route=\/wp\/v2\/users\/1"}],"replies":[{"embeddable":true,"href":"https:\/\/www.egemtv.com\/index.php?rest_route=%2Fwp%2Fv2%2Fcomments&post=33286"}],"version-history":[{"count":1,"href":"https:\/\/www.egemtv.com\/index.php?rest_route=\/wp\/v2\/posts\/33286\/revisions"}],"predecessor-version":[{"id":33288,"href":"https:\/\/www.egemtv.com\/index.php?rest_route=\/wp\/v2\/posts\/33286\/revisions\/33288"}],"wp:featuredmedia":[{"embeddable":true,"href":"https:\/\/www.egemtv.com\/index.php?rest_route=\/wp\/v2\/media\/33287"}],"wp:attachment":[{"href":"https:\/\/www.egemtv.com\/index.php?rest_route=%2Fwp%2Fv2%2Fmedia&parent=33286"}],"wp:term":[{"taxonomy":"category","embeddable":true,"href":"https:\/\/www.egemtv.com\/index.php?rest_route=%2Fwp%2Fv2%2Fcategories&post=33286"},{"taxonomy":"post_tag","embeddable":true,"href":"https:\/\/www.egemtv.com\/index.php?rest_route=%2Fwp%2Fv2%2Ftags&post=33286"}],"curies":[{"name":"wp","href":"https:\/\/api.w.org\/{rel}","templated":true}]}}