{"id":33283,"date":"2025-06-05T13:55:43","date_gmt":"2025-06-05T10:55:43","guid":{"rendered":"https:\/\/www.egemtv.com\/?p=33283"},"modified":"2025-06-05T13:55:48","modified_gmt":"2025-06-05T10:55:48","slug":"havayoluyla-denizliye-gelen-yabanci-yolcu-125-kilo-uyusturucu-ile-yakalandi","status":"publish","type":"post","link":"https:\/\/www.egemtv.com\/?p=33283","title":{"rendered":"Havayoluyla Denizli\u2019ye gelen yabanc\u0131 yolcu 1,25 kilo uyu\u015fturucu ile yakaland\u0131"},"content":{"rendered":"<p>Denizli\u2019ye gelen yabanc\u0131 yolcunun e\u015fyalar\u0131nda yap\u0131lan arama ve i\u00e7 beden muayenesinde 1 kilo 257 gram uyu\u015fturucu ve 15 adet ecza hap ele ge\u00e7irildi. G\u00f6zalt\u0131na al\u0131nan yabanc\u0131 uyruklu \u015f\u00fcpheli, tutuklanarak cezaevine g\u00f6nderildi.<br \/>\n<br \/>Denizli \u0130l Emniyet M\u00fcd\u00fcrl\u00fc\u011f\u00fc Narkotik Su\u00e7larla M\u00fccadele \u015eube M\u00fcd\u00fcrl\u00fc\u011f\u00fcnce uluslararas\u0131 uyu\u015fturucu madde ticaretinin \u00f6nlenmesine y\u00f6nelik \u00e7al\u0131\u015fmalar devam ediyor. Yap\u0131lan incemeler ve de\u011ferlendirmeler sonucunda Denizli\u2019ye havayoluyla yolculuk eden yabanc\u0131 uyruklu \u015fahs\u0131n uyu\u015fturucu madde getirece\u011fi tespit edildi. \u015e\u00fcpheli, Narkotik Su\u00e7larla M\u00fccadele \u015eube M\u00fcd\u00fcrl\u00fc\u011f\u00fc ve \u00c7ardak Havaliman\u0131 G\u00fcmr\u00fck Muhafaza B\u00f6lge Amirli\u011fi g\u00f6revlilerince m\u00fc\u015fterek yap\u0131lan \u00e7al\u0131\u015fmalar neticesinde yakaland\u0131. \u015e\u00fcphelinin e\u015fyalar\u0131nda yap\u0131lan aramalarda 6 par\u00e7a halinde giysilere emdirilmi\u015f \u015fekilde 1 kilo 257 gram metamfetamin maddesi ele ge\u00e7irildi. Yap\u0131lan i\u00e7 beden muayenesinde ise 3 par\u00e7a halinde 15 adet ecza hap ele ge\u00e7irildi. &#8220;Uyu\u015fturucu veya uyar\u0131c\u0131 madde ticareti yapmak&#8221; su\u00e7undan adli makamlara sevk edilen \u015f\u00fcpheli, tutuklanarak cezaevine g\u00f6nderildi.<br \/><\/p>\n","protected":false},"excerpt":{"rendered":"<p>Denizli\u2019ye gelen yabanc\u0131 yolcunun e\u015fyalar\u0131nda yap\u0131lan arama ve i\u00e7 beden muayenesinde 1 kilo 257 gram uyu\u015fturucu ve 15 adet ecza hap ele ge\u00e7irildi. G\u00f6zalt\u0131na al\u0131nan yabanc\u0131 uyruklu \u015f\u00fcpheli, tutuklanarak cezaevine g\u00f6nderildi. Denizli \u0130l Emniyet M\u00fcd\u00fcrl\u00fc\u011f\u00fc Narkotik Su\u00e7larla M\u00fccadele \u015eube M\u00fcd\u00fcrl\u00fc\u011f\u00fcnce uluslararas\u0131 uyu\u015fturucu madde ticaretinin \u00f6nlenmesine y\u00f6nelik \u00e7al\u0131\u015fmalar devam ediyor. Yap\u0131lan incemeler ve de\u011ferlendirmeler sonucunda Denizli\u2019ye&#8230;<\/p>\n","protected":false},"author":1,"featured_media":33284,"comment_status":"open","ping_status":"open","sticky":false,"template":"","format":"standard","meta":{"_crdt_document":"","footnotes":""},"categories":[5],"tags":[],"class_list":["post-33283","post","type-post","status-publish","format-standard","has-post-thumbnail","hentry","category-asayis"],"_links":{"self":[{"href":"https:\/\/www.egemtv.com\/index.php?rest_route=\/wp\/v2\/posts\/33283","targetHints":{"allow":["GET"]}}],"collection":[{"href":"https:\/\/www.egemtv.com\/index.php?rest_route=\/wp\/v2\/posts"}],"about":[{"href":"https:\/\/www.egemtv.com\/index.php?rest_route=\/wp\/v2\/types\/post"}],"author":[{"embeddable":true,"href":"https:\/\/www.egemtv.com\/index.php?rest_route=\/wp\/v2\/users\/1"}],"replies":[{"embeddable":true,"href":"https:\/\/www.egemtv.com\/index.php?rest_route=%2Fwp%2Fv2%2Fcomments&post=33283"}],"version-history":[{"count":1,"href":"https:\/\/www.egemtv.com\/index.php?rest_route=\/wp\/v2\/posts\/33283\/revisions"}],"predecessor-version":[{"id":33285,"href":"https:\/\/www.egemtv.com\/index.php?rest_route=\/wp\/v2\/posts\/33283\/revisions\/33285"}],"wp:featuredmedia":[{"embeddable":true,"href":"https:\/\/www.egemtv.com\/index.php?rest_route=\/wp\/v2\/media\/33284"}],"wp:attachment":[{"href":"https:\/\/www.egemtv.com\/index.php?rest_route=%2Fwp%2Fv2%2Fmedia&parent=33283"}],"wp:term":[{"taxonomy":"category","embeddable":true,"href":"https:\/\/www.egemtv.com\/index.php?rest_route=%2Fwp%2Fv2%2Fcategories&post=33283"},{"taxonomy":"post_tag","embeddable":true,"href":"https:\/\/www.egemtv.com\/index.php?rest_route=%2Fwp%2Fv2%2Ftags&post=33283"}],"curies":[{"name":"wp","href":"https:\/\/api.w.org\/{rel}","templated":true}]}}