{"id":33280,"date":"2025-06-05T13:35:59","date_gmt":"2025-06-05T10:35:59","guid":{"rendered":"https:\/\/www.egemtv.com\/?p=33280"},"modified":"2025-06-05T13:36:04","modified_gmt":"2025-06-05T10:36:04","slug":"baskan-dogan-ekip-arkadaslariyla-bayramlasti","status":"publish","type":"post","link":"https:\/\/www.egemtv.com\/?p=33280","title":{"rendered":"Ba\u015fkan Do\u011fan ekip arkada\u015flar\u0131yla bayramla\u015ft\u0131"},"content":{"rendered":"<p>Merkezefendi Belediye Ba\u015fkan\u0131 \u015eeniz Do\u011fan, Kurban Bayram\u0131 \u00f6ncesinde personeliyle bayramla\u015ft\u0131. Ba\u015fkan Do\u011fan, &#8220;Merkezefendimizin geli\u015fip g\u00fczelle\u015fmesi ve hem\u015ferilerimizin refah\u0131 i\u00e7in b\u00fcy\u00fck bir emek ve fedakarl\u0131kla \u00e7al\u0131\u015fan ekiplerimize te\u015fekk\u00fcr ediyor, kendilerine ve k\u0131ymetli ailelerine sa\u011fl\u0131kl\u0131 ve mutlu bayramlar diliyorum&#8221; dedi.<\/p>\n<p>Merkezefendi Belediye Ba\u015fkan\u0131 \u015eeniz Do\u011fan, Kurban Bayram\u0131 \u00f6ncesinde \u00e7al\u0131\u015fma arkada\u015flar\u0131 ile bir araya gelerek bayramlar\u0131n\u0131 kutlad\u0131. Park Bah\u00e7eler M\u00fcd\u00fcrl\u00fc\u011f\u00fc, Fen \u0130\u015fleri M\u00fcd\u00fcrl\u00fc\u011f\u00fc, \u00c7evre Koruma ve Kontrol M\u00fcd\u00fcrl\u00fc\u011f\u00fc\u2019nde ger\u00e7ekle\u015ftirilen bayramla\u015fma program\u0131na Ba\u015fkan Yard\u0131mc\u0131lar\u0131 H\u00fcdai Tirit ve Emrah Karan, birim amirleri ve \u00e7al\u0131\u015fanlar kat\u0131ld\u0131. Ba\u015fkan Do\u011fan, \u00e7al\u0131\u015fma arkada\u015flar\u0131yla tek tek selamla\u015farak bayramlar\u0131n\u0131 kutlad\u0131.<\/p>\n<p>&#8220;Hem\u015ferilerimizin refah\u0131 i\u00e7in b\u00fcy\u00fck bir emek ve fedakarl\u0131kla \u00e7al\u0131\u015f\u0131yoruz&#8221;<br \/>\n<br \/>\u00d6nceli\u011fin her zaman Merkezefendililere hizmet etmek ve hizmet kalitesini art\u0131rmak oldu\u011funu belirten Ba\u015fkan Do\u011fan, &#8220;Merkezefendimizde bayramla\u015fma art\u0131k bir gelenek oldu. Bu bayramla\u015fmalar bizler i\u00e7in \u00e7ok \u00f6zel ve \u00f6nemli. Merkezefendi\u2019de hem\u015fehrilerimizin daha iyi \u015fartlarda, daha sa\u011fl\u0131kl\u0131, huzurlu, mutlu, demokratik, \u00e7a\u011fda\u015f ve \u00f6zg\u00fcrce ya\u015fayabilmesi i\u00e7in \u00e7al\u0131\u015f\u0131yoruz. Her g\u00fcn g\u00fcc\u00fcm\u00fcze g\u00fc\u00e7 katarak, hem\u015fehrilerimizin g\u00fcvenini ve kalbini kazanarak hep birlikte il\u00e7emize hizmet ediyoruz. Merkezefendi\u2019mizin geli\u015fip g\u00fczelle\u015fmesi ve hem\u015ferilerimizin refah\u0131 i\u00e7in b\u00fcy\u00fck bir emek ve fedakarl\u0131kla \u00e7al\u0131\u015fan sizlere te\u015fekk\u00fcr ediyor, size ve k\u0131ymetli ailelerinize sa\u011fl\u0131kl\u0131 ve mutlu bayramlar diliyorum&#8221; diye konu\u015ftu.<br \/><\/p>\n","protected":false},"excerpt":{"rendered":"<p>Merkezefendi Belediye Ba\u015fkan\u0131 \u015eeniz Do\u011fan, Kurban Bayram\u0131 \u00f6ncesinde personeliyle bayramla\u015ft\u0131. Ba\u015fkan Do\u011fan, &#8220;Merkezefendimizin geli\u015fip g\u00fczelle\u015fmesi ve hem\u015ferilerimizin refah\u0131 i\u00e7in b\u00fcy\u00fck bir emek ve fedakarl\u0131kla \u00e7al\u0131\u015fan ekiplerimize te\u015fekk\u00fcr ediyor, kendilerine ve k\u0131ymetli ailelerine sa\u011fl\u0131kl\u0131 ve mutlu bayramlar diliyorum&#8221; dedi. Merkezefendi Belediye Ba\u015fkan\u0131 \u015eeniz Do\u011fan, Kurban Bayram\u0131 \u00f6ncesinde \u00e7al\u0131\u015fma arkada\u015flar\u0131 ile bir araya gelerek bayramlar\u0131n\u0131 kutlad\u0131. Park&#8230;<\/p>\n","protected":false},"author":1,"featured_media":33281,"comment_status":"open","ping_status":"open","sticky":false,"template":"","format":"standard","meta":{"_crdt_document":"","footnotes":""},"categories":[1],"tags":[],"class_list":["post-33280","post","type-post","status-publish","format-standard","has-post-thumbnail","hentry","category-guncel"],"_links":{"self":[{"href":"https:\/\/www.egemtv.com\/index.php?rest_route=\/wp\/v2\/posts\/33280","targetHints":{"allow":["GET"]}}],"collection":[{"href":"https:\/\/www.egemtv.com\/index.php?rest_route=\/wp\/v2\/posts"}],"about":[{"href":"https:\/\/www.egemtv.com\/index.php?rest_route=\/wp\/v2\/types\/post"}],"author":[{"embeddable":true,"href":"https:\/\/www.egemtv.com\/index.php?rest_route=\/wp\/v2\/users\/1"}],"replies":[{"embeddable":true,"href":"https:\/\/www.egemtv.com\/index.php?rest_route=%2Fwp%2Fv2%2Fcomments&post=33280"}],"version-history":[{"count":1,"href":"https:\/\/www.egemtv.com\/index.php?rest_route=\/wp\/v2\/posts\/33280\/revisions"}],"predecessor-version":[{"id":33282,"href":"https:\/\/www.egemtv.com\/index.php?rest_route=\/wp\/v2\/posts\/33280\/revisions\/33282"}],"wp:featuredmedia":[{"embeddable":true,"href":"https:\/\/www.egemtv.com\/index.php?rest_route=\/wp\/v2\/media\/33281"}],"wp:attachment":[{"href":"https:\/\/www.egemtv.com\/index.php?rest_route=%2Fwp%2Fv2%2Fmedia&parent=33280"}],"wp:term":[{"taxonomy":"category","embeddable":true,"href":"https:\/\/www.egemtv.com\/index.php?rest_route=%2Fwp%2Fv2%2Fcategories&post=33280"},{"taxonomy":"post_tag","embeddable":true,"href":"https:\/\/www.egemtv.com\/index.php?rest_route=%2Fwp%2Fv2%2Ftags&post=33280"}],"curies":[{"name":"wp","href":"https:\/\/api.w.org\/{rel}","templated":true}]}}