{"id":33277,"date":"2025-06-05T13:35:54","date_gmt":"2025-06-05T10:35:54","guid":{"rendered":"https:\/\/www.egemtv.com\/?p=33277"},"modified":"2025-06-05T13:35:59","modified_gmt":"2025-06-05T10:35:59","slug":"baskan-erdogan-saglik-huzur-ve-mutluluk-dolu-nice-bayramlar-diliyorum","status":"publish","type":"post","link":"https:\/\/www.egemtv.com\/?p=33277","title":{"rendered":"Ba\u015fkan Erdo\u011fan; &#8220;Sa\u011fl\u0131k, huzur ve mutluluk dolu nice bayramlar diliyorum&#8221;"},"content":{"rendered":"<p>Denizli Ticaret Odas\u0131 (DTO) Ba\u015fkan\u0131 U\u011fur Erdo\u011fan, halk\u0131n Kurban Bayram\u0131\u2019n\u0131 kutlad\u0131; hep beraber sa\u011fl\u0131k, huzur ve mutluluk dolu nice bayramlar g\u00f6rmeyi diledi. Ba\u015fkan Erdo\u011fan, &#8220;Bayram\u0131n i\u015flerimize bolluk ve bereket, d\u00fcnyam\u0131za huzur, \u00fclkemize refah, milletimize de sa\u011fl\u0131k ve mutluluk getirmesini diliyorum. Ailemiz, sevenlerimiz ve sevdiklerimizle bir arada, en g\u00fczel \u015fekilde ge\u00e7irmemiz temennisiyle, Kurban Bayram\u0131m\u0131z kutlu olsun&#8221; dedi.<\/p>\n<p>Denizli Ticaret Odas\u0131 (DTO) Ba\u015fkan\u0131 U\u011fur Erdo\u011fan, halk\u0131n Kurban Bayram\u0131\u2019n\u0131 kutlad\u0131; hep beraber sa\u011fl\u0131k, huzur ve mutluluk dolu nice bayramlar g\u00f6rmeyi diledi.<br \/>\n<br \/>DTO Y\u00f6netim Kurulu Ba\u015fkan\u0131 U\u011fur Erdo\u011fan\u2019\u0131n Kurban Bayram\u0131 dolay\u0131s\u0131yla yay\u0131mlad\u0131\u011f\u0131 mesaj\u0131nda; &#8220;K\u0131ymetli Hem\u015fehrilerim, bayramlar; birlik ve beraberli\u011fimizin, yard\u0131mla\u015fma ve dayan\u0131\u015fma duygular\u0131m\u0131z\u0131n en g\u00fczel \u015fekilde tezah\u00fcr etti\u011fi, toplumsal ba\u011flar\u0131m\u0131z\u0131 kuvvetlendiren m\u00fcstesna anlard\u0131r. Manevi iklimiyle bizleri saran Kurban Bayram\u0131m\u0131z, payla\u015fman\u0131n ve karde\u015fli\u011fin anlam\u0131n\u0131 derinden hissettiren \u00f6zel g\u00fcnlerin ba\u015f\u0131nda gelir. \u0130htiya\u00e7 sahiplerine el uzatman\u0131n, b\u00fcy\u00fcklerimizi ziyaret etmenin, k\u0131rg\u0131nl\u0131klar\u0131 geride b\u0131rakman\u0131n ve sevgiyle kucakla\u015fman\u0131n tam zaman\u0131d\u0131r. \u00d6zellikle de toplumsal dayan\u0131\u015fmam\u0131z, bir ve beraber olarak bu bayram\u0131 ge\u00e7irmek her zamankinden daha de\u011ferlidir. Denizli Ticaret Odas\u0131 olarak \u00fcyelerimizin, \u015fehrimizin ve \u00fclkemizin kalk\u0131nmas\u0131 ad\u0131na g\u00f6sterdi\u011fimiz gayretin yan\u0131 s\u0131ra sosyal sorumluluklar\u0131m\u0131z\u0131 da yerine getiriyoruz; sosyal hayat\u0131n her alan\u0131nda var\u0131z. \u0130nanc\u0131m\u0131z odur ki; birlik ve beraberlik i\u00e7inde hareket ettik\u00e7e, her t\u00fcrl\u00fc zorlu\u011fun \u00fcstesinden gelir hep beraber daha g\u00fc\u00e7l\u00fc ve kendinden emin bir \u015fekilde yol al\u0131r\u0131z. Bu vesileyle, vatanda\u015f\u0131m\u0131z\u0131n, \u00fcyelerimizin, sekt\u00f6rlerimizin, \u00e7al\u0131\u015fanlar\u0131m\u0131z\u0131n ve i\u015f d\u00fcnyam\u0131z\u0131n m\u00fcbarek Kurban Bayram\u0131\u2019n\u0131 en i\u00e7ten dileklerimle kutluyor; sa\u011fl\u0131k, huzur ve mutluluk dolu nice bayramlar diliyorum&#8221; diye konu\u015ftu.<br \/><\/p>\n","protected":false},"excerpt":{"rendered":"<p>Denizli Ticaret Odas\u0131 (DTO) Ba\u015fkan\u0131 U\u011fur Erdo\u011fan, halk\u0131n Kurban Bayram\u0131\u2019n\u0131 kutlad\u0131; hep beraber sa\u011fl\u0131k, huzur ve mutluluk dolu nice bayramlar g\u00f6rmeyi diledi. Ba\u015fkan Erdo\u011fan, &#8220;Bayram\u0131n i\u015flerimize bolluk ve bereket, d\u00fcnyam\u0131za huzur, \u00fclkemize refah, milletimize de sa\u011fl\u0131k ve mutluluk getirmesini diliyorum. Ailemiz, sevenlerimiz ve sevdiklerimizle bir arada, en g\u00fczel \u015fekilde ge\u00e7irmemiz temennisiyle, Kurban Bayram\u0131m\u0131z kutlu olsun&#8221;&#8230;<\/p>\n","protected":false},"author":1,"featured_media":33278,"comment_status":"open","ping_status":"open","sticky":false,"template":"","format":"standard","meta":{"_crdt_document":"","footnotes":""},"categories":[123],"tags":[],"class_list":["post-33277","post","type-post","status-publish","format-standard","has-post-thumbnail","hentry","category-gundem"],"_links":{"self":[{"href":"https:\/\/www.egemtv.com\/index.php?rest_route=\/wp\/v2\/posts\/33277","targetHints":{"allow":["GET"]}}],"collection":[{"href":"https:\/\/www.egemtv.com\/index.php?rest_route=\/wp\/v2\/posts"}],"about":[{"href":"https:\/\/www.egemtv.com\/index.php?rest_route=\/wp\/v2\/types\/post"}],"author":[{"embeddable":true,"href":"https:\/\/www.egemtv.com\/index.php?rest_route=\/wp\/v2\/users\/1"}],"replies":[{"embeddable":true,"href":"https:\/\/www.egemtv.com\/index.php?rest_route=%2Fwp%2Fv2%2Fcomments&post=33277"}],"version-history":[{"count":1,"href":"https:\/\/www.egemtv.com\/index.php?rest_route=\/wp\/v2\/posts\/33277\/revisions"}],"predecessor-version":[{"id":33279,"href":"https:\/\/www.egemtv.com\/index.php?rest_route=\/wp\/v2\/posts\/33277\/revisions\/33279"}],"wp:featuredmedia":[{"embeddable":true,"href":"https:\/\/www.egemtv.com\/index.php?rest_route=\/wp\/v2\/media\/33278"}],"wp:attachment":[{"href":"https:\/\/www.egemtv.com\/index.php?rest_route=%2Fwp%2Fv2%2Fmedia&parent=33277"}],"wp:term":[{"taxonomy":"category","embeddable":true,"href":"https:\/\/www.egemtv.com\/index.php?rest_route=%2Fwp%2Fv2%2Fcategories&post=33277"},{"taxonomy":"post_tag","embeddable":true,"href":"https:\/\/www.egemtv.com\/index.php?rest_route=%2Fwp%2Fv2%2Ftags&post=33277"}],"curies":[{"name":"wp","href":"https:\/\/api.w.org\/{rel}","templated":true}]}}