{"id":33274,"date":"2025-06-05T13:16:17","date_gmt":"2025-06-05T10:16:17","guid":{"rendered":"https:\/\/www.egemtv.com\/?p=33274"},"modified":"2025-06-05T13:16:22","modified_gmt":"2025-06-05T10:16:22","slug":"baskan-cercioglundan-aydina-yesil-dokunus","status":"publish","type":"post","link":"https:\/\/www.egemtv.com\/?p=33274","title":{"rendered":"Ba\u015fkan \u00c7er\u00e7io\u011flu\u2019ndan Ayd\u0131n\u2019a ye\u015fil dokunu\u015f"},"content":{"rendered":"<p>Ayd\u0131n B\u00fcy\u00fck\u015fehir Belediyesi, bayram \u00f6ncesinde kent esteti\u011fine katk\u0131 sa\u011flamak amac\u0131yla park, bah\u00e7e ve ref\u00fcjlerde yazl\u0131k \u00e7i\u00e7ek dikim \u00e7al\u0131\u015fmalar\u0131na h\u0131z verdi. B\u00fcy\u00fck\u015fehir Belediyesi, Ayd\u0131n\u2019\u0131n t\u00fcm il\u00e7elerinde dikimi ger\u00e7ekle\u015ftirilen reng\u00e2renk \u00e7i\u00e7eklerle adeta g\u00f6rsel bir \u015f\u00f6len olu\u015fturdu.<br \/>\n<br \/>B\u00fcy\u00fck\u015fehir Belediyesi Park ve Bah\u00e7eler Dairesi Ba\u015fkanl\u0131\u011f\u0131 ekipleri, daha ye\u015fil bir Ayd\u0131n i\u00e7in \u00e7al\u0131\u015fmalar\u0131n\u0131 s\u00fcrd\u00fcr\u00fcyor. Kent genelinde \u00e7i\u00e7ek dikim, temizlik, bak\u0131m, peyzaj ve \u00e7evre d\u00fczenlemesi ile rutin faaliyetlerini s\u00fcrd\u00fcren ekipler, Ayd\u0131n\u2019\u0131 do\u011fan\u0131n rengarenk tonlar\u0131 ile s\u00fcsl\u00fcyor.<br \/>\n<br \/>Park ve Bah\u00e7eler Dairesi Ba\u015fkanl\u0131\u011f\u0131 ekipleri, B\u00fcy\u00fck\u015fehir Belediyesi\u2019ne ait fidanl\u0131klarda \u00fcretimi ger\u00e7ekle\u015ftirilen bitkiler ile Ayd\u0131n\u2019\u0131 s\u00fcsl\u00fcyor, \u00e7al\u0131\u015fmalar vatanda\u015flar taraf\u0131ndan da be\u011feniyle kar\u015f\u0131lan\u0131yor. Ekipler, B\u00fcy\u00fck\u015fehir Belediyesi\u2019nin fidanl\u0131klar\u0131nda yeti\u015ftirilen 200 bin yazl\u0131k \u00e7i\u00e7ek ile ana arterler, kav\u015faklar ve y\u00fcr\u00fcy\u00fc\u015f yollar\u0131 ba\u015fta olmak \u00fczere kentin d\u00f6rt bir yan\u0131nda peyzaj \u00e7al\u0131\u015fmas\u0131 ger\u00e7ekle\u015ftirdi.<br \/>\n<br \/>Ba\u015fkan \u00c7er\u00e7io\u011flu: &#8220;17 il\u00e7emizin tamam\u0131nda \u00e7al\u0131\u015fmalar\u0131m\u0131z devam edecek&#8221;<br \/>\n<br \/>B\u00fcy\u00fck\u015fehir Belediyesi taraf\u0131ndan hayata ge\u00e7irilen \u00e7al\u0131\u015fmalar\u0131n devam edece\u011fini belirten Ayd\u0131n B\u00fcy\u00fck\u015fehir Belediye Ba\u015fkan\u0131 \u00d6zlem \u00c7er\u00e7io\u011flu, &#8220;Her y\u0131l oldu\u011fu gibi bu y\u0131l da ye\u015fil alanlar\u0131m\u0131z\u0131 mevsimine uygun \u00e7i\u00e7eklerle s\u00fcslemeye \u00f6zen g\u00f6steriyoruz. G\u00fczel Ayd\u0131n\u0131m\u0131z i\u00e7in \u00e7al\u0131\u015fmaya, hem\u015fehrilerimizi hizmetlerimiz ile bulu\u015fturmaya devam ediyoruz. 17 il\u00e7emizin tamam\u0131nda \u00e7al\u0131\u015fmalar\u0131m\u0131z devam edecek&#8221; ifadelerini kulland\u0131.<br \/><\/p>\n","protected":false},"excerpt":{"rendered":"<p>Ayd\u0131n B\u00fcy\u00fck\u015fehir Belediyesi, bayram \u00f6ncesinde kent esteti\u011fine katk\u0131 sa\u011flamak amac\u0131yla park, bah\u00e7e ve ref\u00fcjlerde yazl\u0131k \u00e7i\u00e7ek dikim \u00e7al\u0131\u015fmalar\u0131na h\u0131z verdi. B\u00fcy\u00fck\u015fehir Belediyesi, Ayd\u0131n\u2019\u0131n t\u00fcm il\u00e7elerinde dikimi ger\u00e7ekle\u015ftirilen reng\u00e2renk \u00e7i\u00e7eklerle adeta g\u00f6rsel bir \u015f\u00f6len olu\u015fturdu. B\u00fcy\u00fck\u015fehir Belediyesi Park ve Bah\u00e7eler Dairesi Ba\u015fkanl\u0131\u011f\u0131 ekipleri, daha ye\u015fil bir Ayd\u0131n i\u00e7in \u00e7al\u0131\u015fmalar\u0131n\u0131 s\u00fcrd\u00fcr\u00fcyor. Kent genelinde \u00e7i\u00e7ek dikim, temizlik, bak\u0131m,&#8230;<\/p>\n","protected":false},"author":1,"featured_media":33275,"comment_status":"open","ping_status":"open","sticky":false,"template":"","format":"standard","meta":{"_crdt_document":"","footnotes":""},"categories":[1],"tags":[],"class_list":["post-33274","post","type-post","status-publish","format-standard","has-post-thumbnail","hentry","category-guncel"],"_links":{"self":[{"href":"https:\/\/www.egemtv.com\/index.php?rest_route=\/wp\/v2\/posts\/33274","targetHints":{"allow":["GET"]}}],"collection":[{"href":"https:\/\/www.egemtv.com\/index.php?rest_route=\/wp\/v2\/posts"}],"about":[{"href":"https:\/\/www.egemtv.com\/index.php?rest_route=\/wp\/v2\/types\/post"}],"author":[{"embeddable":true,"href":"https:\/\/www.egemtv.com\/index.php?rest_route=\/wp\/v2\/users\/1"}],"replies":[{"embeddable":true,"href":"https:\/\/www.egemtv.com\/index.php?rest_route=%2Fwp%2Fv2%2Fcomments&post=33274"}],"version-history":[{"count":1,"href":"https:\/\/www.egemtv.com\/index.php?rest_route=\/wp\/v2\/posts\/33274\/revisions"}],"predecessor-version":[{"id":33276,"href":"https:\/\/www.egemtv.com\/index.php?rest_route=\/wp\/v2\/posts\/33274\/revisions\/33276"}],"wp:featuredmedia":[{"embeddable":true,"href":"https:\/\/www.egemtv.com\/index.php?rest_route=\/wp\/v2\/media\/33275"}],"wp:attachment":[{"href":"https:\/\/www.egemtv.com\/index.php?rest_route=%2Fwp%2Fv2%2Fmedia&parent=33274"}],"wp:term":[{"taxonomy":"category","embeddable":true,"href":"https:\/\/www.egemtv.com\/index.php?rest_route=%2Fwp%2Fv2%2Fcategories&post=33274"},{"taxonomy":"post_tag","embeddable":true,"href":"https:\/\/www.egemtv.com\/index.php?rest_route=%2Fwp%2Fv2%2Ftags&post=33274"}],"curies":[{"name":"wp","href":"https:\/\/api.w.org\/{rel}","templated":true}]}}