{"id":33271,"date":"2025-06-05T12:57:47","date_gmt":"2025-06-05T09:57:47","guid":{"rendered":"https:\/\/www.egemtv.com\/?p=33271"},"modified":"2025-06-05T12:57:53","modified_gmt":"2025-06-05T09:57:53","slug":"buyuksehirden-otogarlarda-temizlik-calismasi","status":"publish","type":"post","link":"https:\/\/www.egemtv.com\/?p=33271","title":{"rendered":"B\u00fcy\u00fck\u015fehirden otogarlarda temizlik \u00e7al\u0131\u015fmas\u0131"},"content":{"rendered":"<p>Ayd\u0131n B\u00fcy\u00fck\u015fehir Belediyesi, Ayd\u0131n \u015eehirler Aras\u0131 Otob\u00fcs Terminali\u2019nde ve il\u00e7e otob\u00fcs terminallerinde ger\u00e7ekle\u015ftirdi\u011fi temizlik \u00e7al\u0131\u015fmalar\u0131n\u0131 s\u00fcrd\u00fcr\u00fcyor.<br \/>\n<br \/>Bayram tatilini ge\u00e7irmek \u00fczere turizmin ve tarihin kenti Ayd\u0131n\u2019a gelen vatanda\u015flar\u0131n yo\u011funluk olu\u015fturdu\u011fu otogarlarda gece saatlerinde temizlik \u00e7al\u0131\u015fmas\u0131 ger\u00e7ekle\u015ftirildi. B\u00fcy\u00fck\u015fehir Belediyesi \u00c7evre Koruma ve Kontrol Dairesi Ba\u015fkanl\u0131\u011f\u0131 ekipleri taraf\u0131ndan ger\u00e7ekle\u015ftirilen temizlik \u00e7al\u0131\u015fmas\u0131 kapsam\u0131nda \u015eehirler Aras\u0131 Otob\u00fcs Terminali temiz hale geldi.<br \/>\n<br \/>Ayd\u0131n B\u00fcy\u00fck\u015fehir Belediye Ba\u015fkan\u0131 \u00d6zlem \u00c7er\u00e7io\u011flu, kent genelinde d\u00fczenli olarak ger\u00e7ekle\u015ftirilen temizlik \u00e7al\u0131\u015fmalar\u0131n\u0131n devam edece\u011fini belirtti. Ba\u015fkan \u00c7er\u00e7io\u011flu, &#8220;Otogarlar, \u015fehirleraras\u0131 hareketlili\u011fin kalbi konumundad\u0131r. Bu y\u00fczden halk\u0131m\u0131z\u0131n en \u00e7ok temas etti\u011fi alanlarda temizlik ve d\u00fczeni bir \u00f6ncelik olarak g\u00f6r\u00fcyoruz. Temiz bir \u015fehir, sa\u011fl\u0131kl\u0131 bir toplumun temelidir. B\u00fcy\u00fck\u015fehir Belediyemiz taraf\u0131ndan vatanda\u015flar\u0131m\u0131z\u0131n ya\u015fam kalitesini artt\u0131rmak i\u00e7in \u00e7al\u0131\u015fmalar\u0131m\u0131za aral\u0131ks\u0131z devam edece\u011fiz&#8221; ifadelerini kulland\u0131.<br \/><\/p>\n","protected":false},"excerpt":{"rendered":"<p>Ayd\u0131n B\u00fcy\u00fck\u015fehir Belediyesi, Ayd\u0131n \u015eehirler Aras\u0131 Otob\u00fcs Terminali\u2019nde ve il\u00e7e otob\u00fcs terminallerinde ger\u00e7ekle\u015ftirdi\u011fi temizlik \u00e7al\u0131\u015fmalar\u0131n\u0131 s\u00fcrd\u00fcr\u00fcyor. Bayram tatilini ge\u00e7irmek \u00fczere turizmin ve tarihin kenti Ayd\u0131n\u2019a gelen vatanda\u015flar\u0131n yo\u011funluk olu\u015fturdu\u011fu otogarlarda gece saatlerinde temizlik \u00e7al\u0131\u015fmas\u0131 ger\u00e7ekle\u015ftirildi. B\u00fcy\u00fck\u015fehir Belediyesi \u00c7evre Koruma ve Kontrol Dairesi Ba\u015fkanl\u0131\u011f\u0131 ekipleri taraf\u0131ndan ger\u00e7ekle\u015ftirilen temizlik \u00e7al\u0131\u015fmas\u0131 kapsam\u0131nda \u015eehirler Aras\u0131 Otob\u00fcs Terminali temiz hale&#8230;<\/p>\n","protected":false},"author":1,"featured_media":33272,"comment_status":"open","ping_status":"open","sticky":false,"template":"","format":"standard","meta":{"_crdt_document":"","footnotes":""},"categories":[1],"tags":[],"class_list":["post-33271","post","type-post","status-publish","format-standard","has-post-thumbnail","hentry","category-guncel"],"_links":{"self":[{"href":"https:\/\/www.egemtv.com\/index.php?rest_route=\/wp\/v2\/posts\/33271","targetHints":{"allow":["GET"]}}],"collection":[{"href":"https:\/\/www.egemtv.com\/index.php?rest_route=\/wp\/v2\/posts"}],"about":[{"href":"https:\/\/www.egemtv.com\/index.php?rest_route=\/wp\/v2\/types\/post"}],"author":[{"embeddable":true,"href":"https:\/\/www.egemtv.com\/index.php?rest_route=\/wp\/v2\/users\/1"}],"replies":[{"embeddable":true,"href":"https:\/\/www.egemtv.com\/index.php?rest_route=%2Fwp%2Fv2%2Fcomments&post=33271"}],"version-history":[{"count":1,"href":"https:\/\/www.egemtv.com\/index.php?rest_route=\/wp\/v2\/posts\/33271\/revisions"}],"predecessor-version":[{"id":33273,"href":"https:\/\/www.egemtv.com\/index.php?rest_route=\/wp\/v2\/posts\/33271\/revisions\/33273"}],"wp:featuredmedia":[{"embeddable":true,"href":"https:\/\/www.egemtv.com\/index.php?rest_route=\/wp\/v2\/media\/33272"}],"wp:attachment":[{"href":"https:\/\/www.egemtv.com\/index.php?rest_route=%2Fwp%2Fv2%2Fmedia&parent=33271"}],"wp:term":[{"taxonomy":"category","embeddable":true,"href":"https:\/\/www.egemtv.com\/index.php?rest_route=%2Fwp%2Fv2%2Fcategories&post=33271"},{"taxonomy":"post_tag","embeddable":true,"href":"https:\/\/www.egemtv.com\/index.php?rest_route=%2Fwp%2Fv2%2Ftags&post=33271"}],"curies":[{"name":"wp","href":"https:\/\/api.w.org\/{rel}","templated":true}]}}