{"id":33268,"date":"2025-06-05T12:57:40","date_gmt":"2025-06-05T09:57:40","guid":{"rendered":"https:\/\/www.egemtv.com\/?p=33268"},"modified":"2025-06-05T12:57:46","modified_gmt":"2025-06-05T09:57:46","slug":"aydin-ticaret-borsasi-bayramlasti","status":"publish","type":"post","link":"https:\/\/www.egemtv.com\/?p=33268","title":{"rendered":"Ayd\u0131n Ticaret Borsas\u0131 bayramla\u015ft\u0131"},"content":{"rendered":"<p>Ayd\u0131n Ticaret Borsas\u0131, Kurban Bayram\u0131 vesilesiyle Ayd\u0131n Ticaret Borsas\u0131, AYTB Ayd\u0131n Laboratuvar Hizmetleri A.\u015e. ve ATB Ayd\u0131n So\u011fuk Hava Depoculuk A.\u015e. \u00e7al\u0131\u015fanlar\u0131n\u0131n kat\u0131l\u0131m\u0131yla bayramla\u015fma merasimi d\u00fczenledi.<\/p>\n<p>Bayramla\u015fma program\u0131nda konu\u015fan Ayd\u0131n Ticaret Borsas\u0131 Y\u00f6netim Kurulu Ba\u015fkan\u0131 Fevzi \u00c7ondur, bayramlar\u0131n toplumda dayan\u0131\u015fma, karde\u015flik ve payla\u015fma duygular\u0131n\u0131 peki\u015ftirdi\u011fine vurgu yaparak, &#8220;Bayramlar, bizleri bir araya getiren, birlik ve beraberli\u011fimizi g\u00fc\u00e7lendiren \u00f6zel g\u00fcnlerdir. Bug\u00fcn burada, hep birlikte olmaktan b\u00fcy\u00fck mutluluk duyuyoruz. T\u00fcm \u00e7al\u0131\u015fma arkada\u015flar\u0131m\u0131z\u0131n, \u00fcyelerimizin ve Ayd\u0131n halk\u0131n\u0131n Kurban Bayram\u0131\u2019n\u0131 en i\u00e7ten dileklerimle kutluyor, sa\u011fl\u0131k, huzur ve bereket dolu bir bayram ge\u00e7irmelerini diliyorum&#8221; dedi.<\/p>\n<p>Ayd\u0131n Ticaret Borsas\u0131 Meclis Ba\u015fkan\u0131 A. Bahri Erdel ise konu\u015fmas\u0131nda, &#8220;Bayramlar, sevgi, ho\u015fg\u00f6r\u00fc ve payla\u015f\u0131m\u0131n yo\u011funla\u015ft\u0131\u011f\u0131, toplumsal de\u011ferlerin \u00f6n plana \u00e7\u0131kt\u0131\u011f\u0131 k\u0131ymetli zamanlard\u0131r. Bu vesileyle t\u00fcm mesai arkada\u015flar\u0131m\u0131z\u0131n ve halk\u0131m\u0131z\u0131n bayram\u0131n\u0131 kutluyor, sevdikleriyle birlikte nice sa\u011fl\u0131kl\u0131 ve mutlu bayramlar ge\u00e7irmelerini temenni ediyorum&#8221; ifadelerini kulland\u0131.<\/p>\n<p>Bayramla\u015fma merasimine, Ayd\u0131n Ticaret Borsas\u0131 Y\u00f6netim Kurulu Ba\u015fkan\u0131 Fevzi \u00c7ondur, Meclis Ba\u015fkan\u0131 A. Bahri Erdel, Meclis Ba\u015fkan Yard\u0131mc\u0131s\u0131 Ahmet \u015eenel, Y\u00f6netim Kurulu Ba\u015fkan Yard\u0131mc\u0131s\u0131 Cengiz \u00dclgen, Y\u00f6netim Kurulu \u00dcyeleri R\u0131za Uyar ve Cihan Can, Meclis \u00dcyesi Mustafa Hakan Adal\u0131 ve Genel Sekreter Neslihan Duymaz kat\u0131ld\u0131. Program, toplu foto\u011fraf \u00e7ekimi ve kar\u015f\u0131l\u0131kl\u0131 iyi dileklerin payla\u015f\u0131lmas\u0131yla sona erdi.<br \/><\/p>\n","protected":false},"excerpt":{"rendered":"<p>Ayd\u0131n Ticaret Borsas\u0131, Kurban Bayram\u0131 vesilesiyle Ayd\u0131n Ticaret Borsas\u0131, AYTB Ayd\u0131n Laboratuvar Hizmetleri A.\u015e. ve ATB Ayd\u0131n So\u011fuk Hava Depoculuk A.\u015e. \u00e7al\u0131\u015fanlar\u0131n\u0131n kat\u0131l\u0131m\u0131yla bayramla\u015fma merasimi d\u00fczenledi. Bayramla\u015fma program\u0131nda konu\u015fan Ayd\u0131n Ticaret Borsas\u0131 Y\u00f6netim Kurulu Ba\u015fkan\u0131 Fevzi \u00c7ondur, bayramlar\u0131n toplumda dayan\u0131\u015fma, karde\u015flik ve payla\u015fma duygular\u0131n\u0131 peki\u015ftirdi\u011fine vurgu yaparak, &#8220;Bayramlar, bizleri bir araya getiren, birlik ve beraberli\u011fimizi&#8230;<\/p>\n","protected":false},"author":1,"featured_media":33269,"comment_status":"open","ping_status":"open","sticky":false,"template":"","format":"standard","meta":{"_crdt_document":"","footnotes":""},"categories":[1],"tags":[],"class_list":["post-33268","post","type-post","status-publish","format-standard","has-post-thumbnail","hentry","category-guncel"],"_links":{"self":[{"href":"https:\/\/www.egemtv.com\/index.php?rest_route=\/wp\/v2\/posts\/33268","targetHints":{"allow":["GET"]}}],"collection":[{"href":"https:\/\/www.egemtv.com\/index.php?rest_route=\/wp\/v2\/posts"}],"about":[{"href":"https:\/\/www.egemtv.com\/index.php?rest_route=\/wp\/v2\/types\/post"}],"author":[{"embeddable":true,"href":"https:\/\/www.egemtv.com\/index.php?rest_route=\/wp\/v2\/users\/1"}],"replies":[{"embeddable":true,"href":"https:\/\/www.egemtv.com\/index.php?rest_route=%2Fwp%2Fv2%2Fcomments&post=33268"}],"version-history":[{"count":1,"href":"https:\/\/www.egemtv.com\/index.php?rest_route=\/wp\/v2\/posts\/33268\/revisions"}],"predecessor-version":[{"id":33270,"href":"https:\/\/www.egemtv.com\/index.php?rest_route=\/wp\/v2\/posts\/33268\/revisions\/33270"}],"wp:featuredmedia":[{"embeddable":true,"href":"https:\/\/www.egemtv.com\/index.php?rest_route=\/wp\/v2\/media\/33269"}],"wp:attachment":[{"href":"https:\/\/www.egemtv.com\/index.php?rest_route=%2Fwp%2Fv2%2Fmedia&parent=33268"}],"wp:term":[{"taxonomy":"category","embeddable":true,"href":"https:\/\/www.egemtv.com\/index.php?rest_route=%2Fwp%2Fv2%2Fcategories&post=33268"},{"taxonomy":"post_tag","embeddable":true,"href":"https:\/\/www.egemtv.com\/index.php?rest_route=%2Fwp%2Fv2%2Ftags&post=33268"}],"curies":[{"name":"wp","href":"https:\/\/api.w.org\/{rel}","templated":true}]}}