{"id":33265,"date":"2025-06-05T12:57:33","date_gmt":"2025-06-05T09:57:33","guid":{"rendered":"https:\/\/www.egemtv.com\/?p=33265"},"modified":"2025-06-05T12:57:40","modified_gmt":"2025-06-05T09:57:40","slug":"valilik-onlem-aldi-ormanlik-alanlara-girisler-yasaklandi-2","status":"publish","type":"post","link":"https:\/\/www.egemtv.com\/?p=33265","title":{"rendered":"Valilik \u00f6nlem ald\u0131, ormanl\u0131k alanlara giri\u015fler yasakland\u0131"},"content":{"rendered":"<p>Mu\u011fla Valili\u011fi taraf\u0131ndan al\u0131nan karar ile il genelindeki t\u00fcm ormanl\u0131k alanlara giri\u015f \u00e7\u0131k\u0131\u015flar 31 Ekim 2025 tarihine kadar yasakland\u0131.<\/p>\n<p>Havalar\u0131n \u0131s\u0131nmas\u0131yla birlikte orman yang\u0131n\u0131 riski artarken Mu\u011fla Valili\u011fi taraf\u0131ndan al\u0131nan karar ile il genelinde bulunan ormanl\u0131k alanlara giri\u015f \u00e7\u0131k\u0131\u015flar yasakland\u0131. Mu\u011fla \u0130li Orman Yang\u0131nlar\u0131yla M\u00fccadele Komisyonu taraf\u0131ndan al\u0131nan kararlar kapsam\u0131nda il s\u0131n\u0131rlar\u0131 i\u00e7erisinde bulunan ormanl\u0131k alanlara giri\u015f ve \u00e7\u0131k\u0131\u015flar 3 Haziran 2025 ile 31 Ekim 2025 tarihleri aras\u0131nda yasakland\u0131.<\/p>\n<p>Konu ile ilgili Mu\u011fla Valili\u011fi taraf\u0131ndan yap\u0131lan a\u00e7\u0131klamada &#8220;Mu\u011fla \u0130li Orman Yang\u0131nlar\u0131yla M\u00fccadele Komisyonunun 11 Nisan 2025 tarih ve 2025\/01 say\u0131l\u0131 karar\u0131n\u0131n 23\u2019 \u00fcnc\u00fc maddesine dayanarak s\u0131n\u0131rlar\u0131 belirtilen ormanlara giri\u015flerin, 3 Haziran 2025 &#8211; 31 Ekim 2025 tarihleri aras\u0131nda yasaklanmas\u0131, 6831 say\u0131l\u0131 Orman Kanununun 74\u2019 \u00fcnc\u00fc maddesi ve 5442 say\u0131l\u0131 \u0130l \u0130daresi Kanununun 9\u2019 uncu ve 66\u2019nc\u0131 maddeleri uyar\u0131nca uygun g\u00f6r\u00fclm\u00fc\u015ft\u00fcr. Bu \u00e7er\u00e7evede belirtilen ormanl\u0131k sahalara yetkililerden ve yetkili makamlardan izinli olanlar\u0131n d\u0131\u015f\u0131nda girilmesi kesinlikle yasakt\u0131r. Belirtilen sahalar, \u00e7evresinde ve i\u00e7inden ge\u00e7en yollarda, orman kenar\u0131nda mola vermek ve piknik yapmak yasakt\u0131r. Vatanda\u015flar yaln\u0131zca kendilerine ayr\u0131lan tescilli piknik alanlar\u0131ndan gerekli \u00f6nlemleri alarak ate\u015fsiz piknik yaparak yararlanabileceklerdir. Bu piknik alanlar\u0131nda ate\u015fsiz piknik yap\u0131lmas\u0131 s\u0131ras\u0131nda, tescilli piknik alanlar\u0131nda faaliyet g\u00f6steren i\u015fletmeler, vatanda\u015flara yang\u0131nlar konusunda gerekli uyar\u0131larda bulunarak \u00e7\u00f6p b\u0131rak\u0131lmamas\u0131 konusunda denetim ve kontrol yapacaklard\u0131r. Orman i\u00e7i ve kenar\u0131nda bulunan turizm tesisleri, \u00e7ad\u0131rl\u0131 kamp alanlar\u0131, piknik alanlar\u0131, d\u00fc\u011f\u00fcn ve e\u011flence organizasyonlar\u0131nda havai fi\u015fek, dilek balonu parlay\u0131c\u0131 ve patlay\u0131c\u0131 maddelerin kullan\u0131lmas\u0131 yasakt\u0131r. Bunun denetimi Kaymakaml\u0131klar\u0131m\u0131z, kolluk kuvvetlerimiz ve muhtarl\u0131klar\u0131m\u0131z taraf\u0131ndan sa\u011flanacakt\u0131r. Mu\u011fla Kent Orman\u0131, Tescillenmi\u015f piknik ve mesire alanlar\u0131 bu yasak kapsam\u0131nda de\u011fildir. Turizm ve sportif faaliyetlerde bulunan i\u015fletmeler ve vatanda\u015flar, uyar\u0131lara riayet etmeleri, gerekli t\u00fcm \u00f6nlemleri almalar\u0131 ve M\u00fclki Amirin izni, ilgili Orman \u0130\u015fletme M\u00fcd\u00fcrl\u00fc\u011f\u00fcn\u00fcn bilgilendirilmesi \u015fart\u0131yla giri\u015flerin yasakland\u0131\u011f\u0131 alanlarda ormana giri\u015f yapabileceklerdir. Kritik hava hallerinde gerekirse ek yasaklama olabilecektir. Mu\u011fla Valili\u011fince al\u0131nm\u0131\u015f d\u00fczenleme ve \u00f6nlemlere t\u00fcm ilgililerin duyarl\u0131l\u0131kla uymalar\u0131 gerekmekte olup, i\u015f bu karar ve \u00f6nlemlerin uygulanmas\u0131na ayk\u0131r\u0131 davranan, zorluk g\u00f6steren ya da uymayanlar hakk\u0131nda 6831 say\u0131l\u0131 Orman Kanununun 74\u2019 \u00fcnc\u00fc maddesi, 5442 say\u0131l\u0131 \u0130l \u0130daresi Kanununun 66\u2019nc\u0131 maddesi ve 5326 say\u0131l\u0131 Kabahatler Kanununun 32\u2019nci maddesine g\u00f6re i\u015flem yap\u0131lacakt\u0131r&#8221; ifadeleri yer ald\u0131.<br \/><\/p>\n","protected":false},"excerpt":{"rendered":"<p>Mu\u011fla Valili\u011fi taraf\u0131ndan al\u0131nan karar ile il genelindeki t\u00fcm ormanl\u0131k alanlara giri\u015f \u00e7\u0131k\u0131\u015flar 31 Ekim 2025 tarihine kadar yasakland\u0131. Havalar\u0131n \u0131s\u0131nmas\u0131yla birlikte orman yang\u0131n\u0131 riski artarken Mu\u011fla Valili\u011fi taraf\u0131ndan al\u0131nan karar ile il genelinde bulunan ormanl\u0131k alanlara giri\u015f \u00e7\u0131k\u0131\u015flar yasakland\u0131. Mu\u011fla \u0130li Orman Yang\u0131nlar\u0131yla M\u00fccadele Komisyonu taraf\u0131ndan al\u0131nan kararlar kapsam\u0131nda il s\u0131n\u0131rlar\u0131 i\u00e7erisinde bulunan ormanl\u0131k&#8230;<\/p>\n","protected":false},"author":1,"featured_media":33266,"comment_status":"open","ping_status":"open","sticky":false,"template":"","format":"standard","meta":{"_crdt_document":"","footnotes":""},"categories":[1],"tags":[],"class_list":["post-33265","post","type-post","status-publish","format-standard","has-post-thumbnail","hentry","category-guncel"],"_links":{"self":[{"href":"https:\/\/www.egemtv.com\/index.php?rest_route=\/wp\/v2\/posts\/33265","targetHints":{"allow":["GET"]}}],"collection":[{"href":"https:\/\/www.egemtv.com\/index.php?rest_route=\/wp\/v2\/posts"}],"about":[{"href":"https:\/\/www.egemtv.com\/index.php?rest_route=\/wp\/v2\/types\/post"}],"author":[{"embeddable":true,"href":"https:\/\/www.egemtv.com\/index.php?rest_route=\/wp\/v2\/users\/1"}],"replies":[{"embeddable":true,"href":"https:\/\/www.egemtv.com\/index.php?rest_route=%2Fwp%2Fv2%2Fcomments&post=33265"}],"version-history":[{"count":1,"href":"https:\/\/www.egemtv.com\/index.php?rest_route=\/wp\/v2\/posts\/33265\/revisions"}],"predecessor-version":[{"id":33267,"href":"https:\/\/www.egemtv.com\/index.php?rest_route=\/wp\/v2\/posts\/33265\/revisions\/33267"}],"wp:featuredmedia":[{"embeddable":true,"href":"https:\/\/www.egemtv.com\/index.php?rest_route=\/wp\/v2\/media\/33266"}],"wp:attachment":[{"href":"https:\/\/www.egemtv.com\/index.php?rest_route=%2Fwp%2Fv2%2Fmedia&parent=33265"}],"wp:term":[{"taxonomy":"category","embeddable":true,"href":"https:\/\/www.egemtv.com\/index.php?rest_route=%2Fwp%2Fv2%2Fcategories&post=33265"},{"taxonomy":"post_tag","embeddable":true,"href":"https:\/\/www.egemtv.com\/index.php?rest_route=%2Fwp%2Fv2%2Ftags&post=33265"}],"curies":[{"name":"wp","href":"https:\/\/api.w.org\/{rel}","templated":true}]}}