{"id":33210,"date":"2025-06-05T10:55:26","date_gmt":"2025-06-05T07:55:26","guid":{"rendered":"https:\/\/www.egemtv.com\/?p=33210"},"modified":"2025-06-05T10:55:31","modified_gmt":"2025-06-05T07:55:31","slug":"vali-coskun-kurban-bayrami-paylasmanin-kardesligin-ve-merhametin-en-guzel-tezahurlerinden-biridir","status":"publish","type":"post","link":"https:\/\/www.egemtv.com\/?p=33210","title":{"rendered":"Vali Co\u015fkun; &#8220;Kurban Bayram\u0131; payla\u015fman\u0131n, karde\u015fli\u011fin ve merhametin en g\u00fczel tezah\u00fcrlerinden biridir&#8221;"},"content":{"rendered":"<p>Denizli Valisi \u00d6mer Faruk Co\u015fkun, Kurban Bayram\u0131 dolay\u0131s\u0131yla bir mesaj yay\u0131mlad\u0131. Sevgi, sayg\u0131 ve ho\u015fg\u00f6r\u00fcn\u00fcn hayat\u0131m\u0131za y\u00f6n verdi\u011fi m\u00fcbarek Kurban Bayram\u0131\u2019na kavu\u015fman\u0131n huzurunu ve mutlulu\u011funu ya\u015fad\u0131\u011f\u0131n\u0131 ifade eden Denizli Valisi Co\u015fkun, &#8220;Kurban Bayram\u0131; payla\u015fman\u0131n, karde\u015fli\u011fin ve merhametin en g\u00fczel tezah\u00fcrlerinden biridir&#8221; dedi.<\/p>\n<p>Denizli Valisi \u00d6mer Faruk Co\u015fkun, Kurban Bayram\u0131 dolay\u0131s\u0131yla bir mesaj yay\u0131mlad\u0131. Kurban Bayram\u0131n\u0131n; birlik, beraberlik ve karde\u015flik duygular\u0131n\u0131n hissedildi\u011fi ve ayn\u0131 zamanda sevgi sayg\u0131 ve ho\u015fg\u00f6r\u00fcn\u00fcn hayata y\u00f6n verdi\u011fi belirten Denizli Valisi \u00d6mer Faruk Co\u015fkun, &#8220;Birlik, beraberlik ve karde\u015flik duygular\u0131n\u0131n hissedildi\u011fi; sevgi, sayg\u0131 ve ho\u015fg\u00f6r\u00fcn\u00fcn hayat\u0131m\u0131za y\u00f6n verdi\u011fi m\u00fcbarek Kurban Bayram\u0131\u2019na kavu\u015fman\u0131n huzurunu ve mutlulu\u011funu hep birlikte ya\u015f\u0131yoruz. Milli ve manevi de\u011ferlerin, inan\u00e7lar\u0131n, \u00f6rf ve adetlerin harmanlanarak karde\u015flik, payla\u015fma, sosyal yard\u0131mla\u015fma ve dayan\u0131\u015fma duygular\u0131n\u0131n en \u00fcst d\u00fczeyde ya\u015fand\u0131\u011f\u0131 bayramlar toplumsal birlik ve beraberli\u011fimizi peki\u015ftiren, milletimizi bir arada tutan m\u00fcstesna g\u00fcnlerdir.  Kurban Bayram\u0131; payla\u015fman\u0131n, karde\u015fli\u011fin ve merhametin en g\u00fczel tezah\u00fcrlerinden biridir. Bu m\u00fcbarek g\u00fcnler, ihtiya\u00e7 sahiplerine el uzatman\u0131n, mahzun g\u00f6n\u00fcllere umut olman\u0131n ve sofralar\u0131 bereketle bulu\u015fturman\u0131n zaman\u0131d\u0131r&#8221; diye konu\u015ftu.<\/p>\n<p>Kurban Bayram\u0131\u2019n\u0131n huzur ve g\u00fcven i\u00e7inde ge\u00e7mesi i\u00e7in Valilik olarak t\u00fcm haz\u0131rl\u0131klar\u0131n tamamland\u0131\u011f\u0131n\u0131 ifade eden Vali Co\u015fkun s\u00f6zlerini \u015f\u00f6yle devam etti;<br \/>\n<br \/>&#8220;Valilik olarak b\u00fct\u00fcn kurumlar\u0131m\u0131zla birlikte Kurban Bayram\u0131\u2019n\u0131n huzur ve g\u00fcven i\u00e7inde ge\u00e7mesine y\u00f6nelik t\u00fcm haz\u0131rl\u0131klar tamamlanm\u0131\u015f, gerekli tedbirler titizlikle al\u0131nm\u0131\u015ft\u0131r. Siz k\u0131ymetli vatanda\u015flar\u0131m\u0131zdan, ilgili kurumlar\u0131m\u0131z\u0131n alm\u0131\u015f oldu\u011fu kararlara ve g\u00f6revli personellerimizin uyar\u0131lar\u0131na hassasiyetle uyman\u0131z\u0131 \u00f6nemle rica ediyorum. Bayram sevincimizin ac\u0131ya d\u00f6n\u00fc\u015fmemesi i\u00e7in ba\u015fta trafik kurallar\u0131 olmak \u00fczere, al\u0131nan tedbirlere hassasiyetle uyulmas\u0131n\u0131 istirham ediyorum. Unutmayal\u0131m ki, en g\u00fczel bayram; sevdiklerimizle birlikte, sa\u011fl\u0131kl\u0131 ve huzurlu \u015fekilde ge\u00e7irdi\u011fimiz bayramd\u0131r. Bu vesileyle,  Kurban Bayram\u0131\u2019n\u0131n ba\u015fta aziz milletimiz olmak \u00fczere \u0130sl\u00e2m \u00e2lemine ve t\u00fcm insanl\u0131\u011fa hay\u0131rlar getirmesini, bar\u0131\u015f, huzur ve karde\u015fli\u011fe vesile olmas\u0131n\u0131 temenni ederim. Mazlum co\u011frafyalarda s\u00fcregelen ac\u0131lar\u0131n son bulmas\u0131n\u0131 Y\u00fcce Allah\u2019tan niyaz eder, \u015fehitlerimizin k\u0131ymetli aileleri ve kahraman gazilerimiz ba\u015fta olmak \u00fczere siz de\u011ferli vatanda\u015flar\u0131m\u0131z\u0131n Kurban Bayram\u0131\u2019n\u0131 en i\u00e7ten dileklerimle kutluyor, sevgi ve sayg\u0131lar\u0131m\u0131 sunuyorum&#8221;<br \/><\/p>\n","protected":false},"excerpt":{"rendered":"<p>Denizli Valisi \u00d6mer Faruk Co\u015fkun, Kurban Bayram\u0131 dolay\u0131s\u0131yla bir mesaj yay\u0131mlad\u0131. Sevgi, sayg\u0131 ve ho\u015fg\u00f6r\u00fcn\u00fcn hayat\u0131m\u0131za y\u00f6n verdi\u011fi m\u00fcbarek Kurban Bayram\u0131\u2019na kavu\u015fman\u0131n huzurunu ve mutlulu\u011funu ya\u015fad\u0131\u011f\u0131n\u0131 ifade eden Denizli Valisi Co\u015fkun, &#8220;Kurban Bayram\u0131; payla\u015fman\u0131n, karde\u015fli\u011fin ve merhametin en g\u00fczel tezah\u00fcrlerinden biridir&#8221; dedi. Denizli Valisi \u00d6mer Faruk Co\u015fkun, Kurban Bayram\u0131 dolay\u0131s\u0131yla bir mesaj yay\u0131mlad\u0131. Kurban Bayram\u0131n\u0131n;&#8230;<\/p>\n","protected":false},"author":1,"featured_media":33211,"comment_status":"open","ping_status":"open","sticky":false,"template":"","format":"standard","meta":{"_crdt_document":"","footnotes":""},"categories":[123],"tags":[],"class_list":["post-33210","post","type-post","status-publish","format-standard","has-post-thumbnail","hentry","category-gundem"],"_links":{"self":[{"href":"https:\/\/www.egemtv.com\/index.php?rest_route=\/wp\/v2\/posts\/33210","targetHints":{"allow":["GET"]}}],"collection":[{"href":"https:\/\/www.egemtv.com\/index.php?rest_route=\/wp\/v2\/posts"}],"about":[{"href":"https:\/\/www.egemtv.com\/index.php?rest_route=\/wp\/v2\/types\/post"}],"author":[{"embeddable":true,"href":"https:\/\/www.egemtv.com\/index.php?rest_route=\/wp\/v2\/users\/1"}],"replies":[{"embeddable":true,"href":"https:\/\/www.egemtv.com\/index.php?rest_route=%2Fwp%2Fv2%2Fcomments&post=33210"}],"version-history":[{"count":1,"href":"https:\/\/www.egemtv.com\/index.php?rest_route=\/wp\/v2\/posts\/33210\/revisions"}],"predecessor-version":[{"id":33212,"href":"https:\/\/www.egemtv.com\/index.php?rest_route=\/wp\/v2\/posts\/33210\/revisions\/33212"}],"wp:featuredmedia":[{"embeddable":true,"href":"https:\/\/www.egemtv.com\/index.php?rest_route=\/wp\/v2\/media\/33211"}],"wp:attachment":[{"href":"https:\/\/www.egemtv.com\/index.php?rest_route=%2Fwp%2Fv2%2Fmedia&parent=33210"}],"wp:term":[{"taxonomy":"category","embeddable":true,"href":"https:\/\/www.egemtv.com\/index.php?rest_route=%2Fwp%2Fv2%2Fcategories&post=33210"},{"taxonomy":"post_tag","embeddable":true,"href":"https:\/\/www.egemtv.com\/index.php?rest_route=%2Fwp%2Fv2%2Ftags&post=33210"}],"curies":[{"name":"wp","href":"https:\/\/api.w.org\/{rel}","templated":true}]}}