{"id":33168,"date":"2025-06-05T09:56:40","date_gmt":"2025-06-05T06:56:40","guid":{"rendered":"https:\/\/www.egemtv.com\/?p=33168"},"modified":"2025-06-05T09:56:45","modified_gmt":"2025-06-05T06:56:45","slug":"bozdogan-belediyesinden-mezarlik-ziyaretlerine-ucretsiz-servis","status":"publish","type":"post","link":"https:\/\/www.egemtv.com\/?p=33168","title":{"rendered":"Bozdo\u011fan Belediyesi\u2019nden mezarl\u0131k ziyaretlerine \u00fccretsiz servis"},"content":{"rendered":"<p>Bozdo\u011fan Belediyesi, Kurban Bayram\u0131 arifesinde vatanda\u015flar\u0131n manevi duygular\u0131n\u0131 huzurla ya\u015fayabilmeleri ve yak\u0131nlar\u0131n\u0131n kabirlerini ziyaret etmek isteyen vatanda\u015flara \u00f6zel olarak \u00fccretsiz servis hizmeti sunulacak.<\/p>\n<p>5 Haziran 2025 Per\u015fembe g\u00fcn\u00fc, saat 09.00 ile 17.00 aras\u0131nda, \u00c7ar\u015f\u0131 Camii \u00f6n\u00fcnden kalkacak servis ara\u00e7lar\u0131 ile vatanda\u015flar Bozdo\u011fan Asri Mezarl\u0131\u011f\u0131\u2019na \u00fccretsiz bir \u015fekilde ula\u015ft\u0131r\u0131lacak. Bozdo\u011fan Belediyesi taraf\u0131ndan organize edilen bu hizmet, \u00f6zellikle ya\u015fl\u0131, engelli ve \u00f6zel arac\u0131 bulunmayan vatanda\u015flar i\u00e7in b\u00fcy\u00fck bir kolayl\u0131k sa\u011fl\u0131yor.<\/p>\n<p>Her bayramda oldu\u011fu gibi bu bayramda da manevi de\u011ferleri g\u00f6zeten ve halk\u0131n yan\u0131nda olan Bozdo\u011fan Belediye Ba\u015fkan\u0131 Mustafa Galip \u00d6zel, bu duyarl\u0131 uygulamayla g\u00f6n\u00fclleri bir kez daha fethetti.<br \/><\/p>\n","protected":false},"excerpt":{"rendered":"<p>Bozdo\u011fan Belediyesi, Kurban Bayram\u0131 arifesinde vatanda\u015flar\u0131n manevi duygular\u0131n\u0131 huzurla ya\u015fayabilmeleri ve yak\u0131nlar\u0131n\u0131n kabirlerini ziyaret etmek isteyen vatanda\u015flara \u00f6zel olarak \u00fccretsiz servis hizmeti sunulacak. 5 Haziran 2025 Per\u015fembe g\u00fcn\u00fc, saat 09.00 ile 17.00 aras\u0131nda, \u00c7ar\u015f\u0131 Camii \u00f6n\u00fcnden kalkacak servis ara\u00e7lar\u0131 ile vatanda\u015flar Bozdo\u011fan Asri Mezarl\u0131\u011f\u0131\u2019na \u00fccretsiz bir \u015fekilde ula\u015ft\u0131r\u0131lacak. Bozdo\u011fan Belediyesi taraf\u0131ndan organize edilen bu hizmet,&#8230;<\/p>\n","protected":false},"author":1,"featured_media":33169,"comment_status":"open","ping_status":"open","sticky":false,"template":"","format":"standard","meta":{"_crdt_document":"","footnotes":""},"categories":[1],"tags":[],"class_list":["post-33168","post","type-post","status-publish","format-standard","has-post-thumbnail","hentry","category-guncel"],"_links":{"self":[{"href":"https:\/\/www.egemtv.com\/index.php?rest_route=\/wp\/v2\/posts\/33168","targetHints":{"allow":["GET"]}}],"collection":[{"href":"https:\/\/www.egemtv.com\/index.php?rest_route=\/wp\/v2\/posts"}],"about":[{"href":"https:\/\/www.egemtv.com\/index.php?rest_route=\/wp\/v2\/types\/post"}],"author":[{"embeddable":true,"href":"https:\/\/www.egemtv.com\/index.php?rest_route=\/wp\/v2\/users\/1"}],"replies":[{"embeddable":true,"href":"https:\/\/www.egemtv.com\/index.php?rest_route=%2Fwp%2Fv2%2Fcomments&post=33168"}],"version-history":[{"count":1,"href":"https:\/\/www.egemtv.com\/index.php?rest_route=\/wp\/v2\/posts\/33168\/revisions"}],"predecessor-version":[{"id":33170,"href":"https:\/\/www.egemtv.com\/index.php?rest_route=\/wp\/v2\/posts\/33168\/revisions\/33170"}],"wp:featuredmedia":[{"embeddable":true,"href":"https:\/\/www.egemtv.com\/index.php?rest_route=\/wp\/v2\/media\/33169"}],"wp:attachment":[{"href":"https:\/\/www.egemtv.com\/index.php?rest_route=%2Fwp%2Fv2%2Fmedia&parent=33168"}],"wp:term":[{"taxonomy":"category","embeddable":true,"href":"https:\/\/www.egemtv.com\/index.php?rest_route=%2Fwp%2Fv2%2Fcategories&post=33168"},{"taxonomy":"post_tag","embeddable":true,"href":"https:\/\/www.egemtv.com\/index.php?rest_route=%2Fwp%2Fv2%2Ftags&post=33168"}],"curies":[{"name":"wp","href":"https:\/\/api.w.org\/{rel}","templated":true}]}}