{"id":33165,"date":"2025-06-05T09:56:34","date_gmt":"2025-06-05T06:56:34","guid":{"rendered":"https:\/\/www.egemtv.com\/?p=33165"},"modified":"2025-06-05T09:56:40","modified_gmt":"2025-06-05T06:56:40","slug":"hisarcikta-minik-ogrenciler-agaclara-kus-yuvasi-asti","status":"publish","type":"post","link":"https:\/\/www.egemtv.com\/?p=33165","title":{"rendered":"Hisarc\u0131k\u2019ta minik \u00f6\u011frenciler a\u011fa\u00e7lara ku\u015f yuvas\u0131 ast\u0131"},"content":{"rendered":"<p>K\u00fctahya\u2019n\u0131n Hisarc\u0131k il\u00e7esi Cumhuriyet \u0130lkokulu \u00f6\u011frencileri, ah\u015fap ku\u015f yuvalar\u0131n\u0131 okul bah\u00e7esindeki a\u011fa\u00e7lara ast\u0131lar.<br \/>\n<br \/>Orman \u0130\u015fletme \u015eefli\u011finden temin edilen ah\u015fap ku\u015f yuvalar\u0131 \u00d6zel E\u011fitim S\u0131n\u0131f\u0131 \u00f6\u011frencileri taraf\u0131ndan boyand\u0131ktan sonra okul personelinin nezaretinde \u00d6zel E\u011fitim S\u0131n\u0131f\u0131 ve 4. s\u0131n\u0131f \u00f6\u011frencileri taraf\u0131ndan okul bah\u00e7esindeki a\u011fa\u00e7lara as\u0131ld\u0131.<br \/>\n<br \/>Okul M\u00fcd\u00fcr\u00fc Ahmet Aydo\u011fdu, \u00f6\u011frencilerde do\u011fa bilinci, hayvan sevgisi olu\u015fturmak ve ku\u015flar\u0131n bar\u0131nma ortamlar\u0131na katk\u0131 sa\u011flamak amac\u0131yla ger\u00e7ekle\u015ftirdikleri etkinlikte kendilerine ah\u015fap ku\u015f yuvas\u0131 temininde yard\u0131mc\u0131 olan Orman \u0130\u015fletme \u015eefi Samet Sayan\u2019a te\u015fekk\u00fcr etti.<br \/><\/p>\n","protected":false},"excerpt":{"rendered":"<p>K\u00fctahya\u2019n\u0131n Hisarc\u0131k il\u00e7esi Cumhuriyet \u0130lkokulu \u00f6\u011frencileri, ah\u015fap ku\u015f yuvalar\u0131n\u0131 okul bah\u00e7esindeki a\u011fa\u00e7lara ast\u0131lar. Orman \u0130\u015fletme \u015eefli\u011finden temin edilen ah\u015fap ku\u015f yuvalar\u0131 \u00d6zel E\u011fitim S\u0131n\u0131f\u0131 \u00f6\u011frencileri taraf\u0131ndan boyand\u0131ktan sonra okul personelinin nezaretinde \u00d6zel E\u011fitim S\u0131n\u0131f\u0131 ve 4. s\u0131n\u0131f \u00f6\u011frencileri taraf\u0131ndan okul bah\u00e7esindeki a\u011fa\u00e7lara as\u0131ld\u0131. Okul M\u00fcd\u00fcr\u00fc Ahmet Aydo\u011fdu, \u00f6\u011frencilerde do\u011fa bilinci, hayvan sevgisi olu\u015fturmak ve ku\u015flar\u0131n&#8230;<\/p>\n","protected":false},"author":1,"featured_media":33166,"comment_status":"open","ping_status":"open","sticky":false,"template":"","format":"standard","meta":{"_crdt_document":"","footnotes":""},"categories":[1],"tags":[],"class_list":["post-33165","post","type-post","status-publish","format-standard","has-post-thumbnail","hentry","category-guncel"],"_links":{"self":[{"href":"https:\/\/www.egemtv.com\/index.php?rest_route=\/wp\/v2\/posts\/33165","targetHints":{"allow":["GET"]}}],"collection":[{"href":"https:\/\/www.egemtv.com\/index.php?rest_route=\/wp\/v2\/posts"}],"about":[{"href":"https:\/\/www.egemtv.com\/index.php?rest_route=\/wp\/v2\/types\/post"}],"author":[{"embeddable":true,"href":"https:\/\/www.egemtv.com\/index.php?rest_route=\/wp\/v2\/users\/1"}],"replies":[{"embeddable":true,"href":"https:\/\/www.egemtv.com\/index.php?rest_route=%2Fwp%2Fv2%2Fcomments&post=33165"}],"version-history":[{"count":1,"href":"https:\/\/www.egemtv.com\/index.php?rest_route=\/wp\/v2\/posts\/33165\/revisions"}],"predecessor-version":[{"id":33167,"href":"https:\/\/www.egemtv.com\/index.php?rest_route=\/wp\/v2\/posts\/33165\/revisions\/33167"}],"wp:featuredmedia":[{"embeddable":true,"href":"https:\/\/www.egemtv.com\/index.php?rest_route=\/wp\/v2\/media\/33166"}],"wp:attachment":[{"href":"https:\/\/www.egemtv.com\/index.php?rest_route=%2Fwp%2Fv2%2Fmedia&parent=33165"}],"wp:term":[{"taxonomy":"category","embeddable":true,"href":"https:\/\/www.egemtv.com\/index.php?rest_route=%2Fwp%2Fv2%2Fcategories&post=33165"},{"taxonomy":"post_tag","embeddable":true,"href":"https:\/\/www.egemtv.com\/index.php?rest_route=%2Fwp%2Fv2%2Ftags&post=33165"}],"curies":[{"name":"wp","href":"https:\/\/api.w.org\/{rel}","templated":true}]}}