{"id":33162,"date":"2025-06-05T09:56:26","date_gmt":"2025-06-05T06:56:26","guid":{"rendered":"https:\/\/www.egemtv.com\/?p=33162"},"modified":"2025-06-05T09:56:34","modified_gmt":"2025-06-05T06:56:34","slug":"kutahya-belediyespordan-u14-turkiye-oryantiring-sampiyonasinda-basari","status":"publish","type":"post","link":"https:\/\/www.egemtv.com\/?p=33162","title":{"rendered":"K\u00fctahya Belediyespor\u2019dan U14 T\u00fcrkiye Oryantiring \u015eampiyonas\u0131\u2019nda ba\u015far\u0131"},"content":{"rendered":"<p>2024-2025 sezonu U14 T\u00fcrkiye Oryantiring \u015eampiyonas\u0131\u2019nda K\u00fctahya Belediyespor, elde etti\u011fi derecelerle ad\u0131ndan s\u00f6z ettirdi. E12A kategorisinde tak\u0131m halinde T\u00fcrkiye \u00fc\u00e7\u00fcnc\u00fcs\u00fc olan temsilcilerimiz, sezon boyunca sergiledikleri istikrarl\u0131 performansla K\u00fctahya\u2019n\u0131n gururu oldu.<br \/>\n<br \/>Sezonun final yar\u0131\u015flar\u0131, K\u0131r\u0131kkale\u2019de iki g\u00fcn s\u00fcren organizasyonla tamamland\u0131. \u0130lk g\u00fcn orta mesafe parkurunda yar\u0131\u015fan sporcular\u0131m\u0131zdan K12B kategorisinde Sarenur Akta\u015f, \u00fcst\u00fcn performans\u0131yla T\u00fcrkiye birincili\u011fi elde etti. Ayn\u0131 yar\u0131\u015fta K14A kategorisinde m\u00fccadele eden sporcumuz Nida Y\u00fczba\u015f\u0131o\u011flu ise T\u00fcrkiye be\u015fincisi olarak \u00f6nemli bir ba\u015far\u0131ya imza att\u0131.<br \/>\n<br \/>\u015eampiyonan\u0131n ikinci g\u00fcn\u00fcnde d\u00fczenlenen s\u00fcrat parkurunda da ba\u015far\u0131l\u0131 sonu\u00e7lar devam etti. K12B kategorisinde yar\u0131\u015fan Sarenur Akta\u015f, bu kez T\u00fcrkiye ikincili\u011fi ile k\u00fcrs\u00fcde yer ald\u0131. E12A kategorisinde yar\u0131\u015fan L\u00fctf\u00fc Egemen Kayar ise T\u00fcrkiye alt\u0131nc\u0131l\u0131\u011f\u0131 elde ederek tak\u0131m\u0131m\u0131za puan katk\u0131s\u0131 sa\u011flad\u0131.<br \/>\n<br \/>K\u00fctahya Belediyespor\u2019un teknik ekibi ve sporcular\u0131, y\u0131l boyunca s\u00fcrd\u00fcrd\u00fckleri disiplinli \u00e7al\u0131\u015fman\u0131n kar\u015f\u0131l\u0131\u011f\u0131n\u0131 madalyalarla ta\u00e7land\u0131rd\u0131. Kul\u00fcp y\u00f6netiminden yap\u0131lan a\u00e7\u0131klamada, &#8220;Sporcular\u0131m\u0131z\u0131, teknik ekibimizi ve y\u00f6netim kurulumuzu tebrik ediyor; ba\u015far\u0131lar\u0131n\u0131n artarak devam etmesini diliyoruz&#8221; ifadelerine yer verildi.<br \/><\/p>\n","protected":false},"excerpt":{"rendered":"<p>2024-2025 sezonu U14 T\u00fcrkiye Oryantiring \u015eampiyonas\u0131\u2019nda K\u00fctahya Belediyespor, elde etti\u011fi derecelerle ad\u0131ndan s\u00f6z ettirdi. E12A kategorisinde tak\u0131m halinde T\u00fcrkiye \u00fc\u00e7\u00fcnc\u00fcs\u00fc olan temsilcilerimiz, sezon boyunca sergiledikleri istikrarl\u0131 performansla K\u00fctahya\u2019n\u0131n gururu oldu. Sezonun final yar\u0131\u015flar\u0131, K\u0131r\u0131kkale\u2019de iki g\u00fcn s\u00fcren organizasyonla tamamland\u0131. \u0130lk g\u00fcn orta mesafe parkurunda yar\u0131\u015fan sporcular\u0131m\u0131zdan K12B kategorisinde Sarenur Akta\u015f, \u00fcst\u00fcn performans\u0131yla T\u00fcrkiye birincili\u011fi elde&#8230;<\/p>\n","protected":false},"author":1,"featured_media":33163,"comment_status":"open","ping_status":"open","sticky":false,"template":"","format":"standard","meta":{"_crdt_document":"","footnotes":""},"categories":[4],"tags":[],"class_list":["post-33162","post","type-post","status-publish","format-standard","has-post-thumbnail","hentry","category-spor"],"_links":{"self":[{"href":"https:\/\/www.egemtv.com\/index.php?rest_route=\/wp\/v2\/posts\/33162","targetHints":{"allow":["GET"]}}],"collection":[{"href":"https:\/\/www.egemtv.com\/index.php?rest_route=\/wp\/v2\/posts"}],"about":[{"href":"https:\/\/www.egemtv.com\/index.php?rest_route=\/wp\/v2\/types\/post"}],"author":[{"embeddable":true,"href":"https:\/\/www.egemtv.com\/index.php?rest_route=\/wp\/v2\/users\/1"}],"replies":[{"embeddable":true,"href":"https:\/\/www.egemtv.com\/index.php?rest_route=%2Fwp%2Fv2%2Fcomments&post=33162"}],"version-history":[{"count":1,"href":"https:\/\/www.egemtv.com\/index.php?rest_route=\/wp\/v2\/posts\/33162\/revisions"}],"predecessor-version":[{"id":33164,"href":"https:\/\/www.egemtv.com\/index.php?rest_route=\/wp\/v2\/posts\/33162\/revisions\/33164"}],"wp:featuredmedia":[{"embeddable":true,"href":"https:\/\/www.egemtv.com\/index.php?rest_route=\/wp\/v2\/media\/33163"}],"wp:attachment":[{"href":"https:\/\/www.egemtv.com\/index.php?rest_route=%2Fwp%2Fv2%2Fmedia&parent=33162"}],"wp:term":[{"taxonomy":"category","embeddable":true,"href":"https:\/\/www.egemtv.com\/index.php?rest_route=%2Fwp%2Fv2%2Fcategories&post=33162"},{"taxonomy":"post_tag","embeddable":true,"href":"https:\/\/www.egemtv.com\/index.php?rest_route=%2Fwp%2Fv2%2Ftags&post=33162"}],"curies":[{"name":"wp","href":"https:\/\/api.w.org\/{rel}","templated":true}]}}