{"id":33159,"date":"2025-06-05T09:56:22","date_gmt":"2025-06-05T06:56:22","guid":{"rendered":"https:\/\/www.egemtv.com\/?p=33159"},"modified":"2025-06-05T09:56:26","modified_gmt":"2025-06-05T06:56:26","slug":"kutahyada-ayakkabi-boyacilarina-modern-hizmet-alanlari","status":"publish","type":"post","link":"https:\/\/www.egemtv.com\/?p=33159","title":{"rendered":"K\u00fctahya\u2019da ayakkab\u0131 boyac\u0131lar\u0131na modern hizmet alanlar\u0131"},"content":{"rendered":"<p>K\u00fctahya Belediyesi taraf\u0131ndan ayakkab\u0131 boyac\u0131lar\u0131n\u0131n daha sa\u011fl\u0131kl\u0131 ve g\u00fcvenli \u015fartlarda hizmet verebilmesi amac\u0131yla hayata ge\u00e7irilen yeni hizmet alanlar\u0131n\u0131n a\u00e7\u0131l\u0131\u015f\u0131, Belediye Ba\u015fkan\u0131 Ey\u00fcp Kahveci\u2019nin kat\u0131l\u0131m\u0131yla ger\u00e7ekle\u015ftirildi.<br \/>\n<br \/>T\u00f6rende konu\u015fan Ba\u015fkan Kahveci, ayakkab\u0131 boyac\u0131l\u0131\u011f\u0131n\u0131n \u015fehrin en sessiz ve k\u0131ymetli mesleklerinden biri oldu\u011funa dikkat \u00e7ekerek, &#8220;Bu mesle\u011fin k\u0131ymetini biliyor ve \u00e7al\u0131\u015fma \u015fartlar\u0131n\u0131 iyile\u015ftirmeyi \u00f6nemsiyoruz. Y\u0131llard\u0131r ya\u011fmurda, s\u0131cakta, zor \u015fartlarda m\u00fccadele eden esnaf\u0131m\u0131za bir nebze olsun kolayl\u0131k sunmak istedik. Bu alanlar, eme\u011fe olan sayg\u0131m\u0131z\u0131n bir simgesidir&#8221; dedi.<br \/>\n<br \/>Yeni hizmet alanlar\u0131n\u0131n \u00fcretimi, K\u00fctahya Belediyesi Makine \u0130kmal M\u00fcd\u00fcrl\u00fc\u011f\u00fc\u2019ne ba\u011fl\u0131 Kaynak ve Marangoz At\u00f6lyeleri taraf\u0131ndan ger\u00e7ekle\u015ftirildi. K\u00fclt\u00fcr ve Tabiat Varl\u0131klar\u0131 Koruma B\u00f6lge Kurulu\u2019nun (KTVKBK) onaylad\u0131\u011f\u0131 proje do\u011frultusunda imalat\u0131 tamamlanan alanlarda, 7 adet lostra noktas\u0131 yerle\u015ftirildi. Dolap ve zeminler ah\u015fap deck kaplama ile estetik bir g\u00f6r\u00fcn\u00fcme kavu\u015fturuldu.<br \/>\n<br \/>Ba\u015fkan Kahveci, lostralar\u0131n 1,5 metreye 1,5 metre \u00f6l\u00e7\u00fclerinde ve tamamen belediye personelinin eme\u011fiyle haz\u0131rland\u0131\u011f\u0131n\u0131 vurgulad\u0131. &#8220;Amac\u0131m\u0131z sadece bug\u00fcn\u00fc de\u011fil, gelece\u011fi de d\u00fc\u015f\u00fcnerek hizmet \u00fcretmek. Esnaf\u0131m\u0131z\u0131n gelirini art\u0131racak yeni projelerimiz de yolda. Her zaman yanlar\u0131nda olmaya devam edece\u011fiz&#8221; diye konu\u015ftu.<br \/>\n<br \/>A\u00e7\u0131l\u0131\u015f t\u00f6reni, yap\u0131lan konu\u015fmalar\u0131n ard\u0131ndan kurdele kesimiyle tamamland\u0131. Programa Belediye Ba\u015fkan\u0131 Ey\u00fcp Kahveci\u2019nin yan\u0131 s\u0131ra Alipa\u015fa Mahallesi Muhtar\u0131 Salih Zeki Ar\u0131, belediye ba\u015fkan yard\u0131mc\u0131lar\u0131 ve \u00e7ok say\u0131da vatanda\u015f kat\u0131ld\u0131. A\u00e7\u0131l\u0131\u015f sonras\u0131 vatanda\u015flar yeni hizmet alanlar\u0131n\u0131 gezerek yerinde inceleme f\u0131rsat\u0131 buldu.<br \/>\n<br \/>Ba\u015fkan Kahveci, yeni lostra alanlar\u0131n\u0131n hem ayakkab\u0131 boyac\u0131lar\u0131na hem de K\u00fctahya halk\u0131na hay\u0131rl\u0131 olmas\u0131n\u0131 temenni ederek, &#8220;Eme\u011fin daha fazla de\u011fer g\u00f6rd\u00fc\u011f\u00fc bir gelece\u011fi birlikte in\u015fa edece\u011fiz&#8221; ifadelerini kulland\u0131.<br \/><\/p>\n","protected":false},"excerpt":{"rendered":"<p>K\u00fctahya Belediyesi taraf\u0131ndan ayakkab\u0131 boyac\u0131lar\u0131n\u0131n daha sa\u011fl\u0131kl\u0131 ve g\u00fcvenli \u015fartlarda hizmet verebilmesi amac\u0131yla hayata ge\u00e7irilen yeni hizmet alanlar\u0131n\u0131n a\u00e7\u0131l\u0131\u015f\u0131, Belediye Ba\u015fkan\u0131 Ey\u00fcp Kahveci\u2019nin kat\u0131l\u0131m\u0131yla ger\u00e7ekle\u015ftirildi. T\u00f6rende konu\u015fan Ba\u015fkan Kahveci, ayakkab\u0131 boyac\u0131l\u0131\u011f\u0131n\u0131n \u015fehrin en sessiz ve k\u0131ymetli mesleklerinden biri oldu\u011funa dikkat \u00e7ekerek, &#8220;Bu mesle\u011fin k\u0131ymetini biliyor ve \u00e7al\u0131\u015fma \u015fartlar\u0131n\u0131 iyile\u015ftirmeyi \u00f6nemsiyoruz. Y\u0131llard\u0131r ya\u011fmurda, s\u0131cakta, zor \u015fartlarda&#8230;<\/p>\n","protected":false},"author":1,"featured_media":33160,"comment_status":"open","ping_status":"open","sticky":false,"template":"","format":"standard","meta":{"_crdt_document":"","footnotes":""},"categories":[1],"tags":[],"class_list":["post-33159","post","type-post","status-publish","format-standard","has-post-thumbnail","hentry","category-guncel"],"_links":{"self":[{"href":"https:\/\/www.egemtv.com\/index.php?rest_route=\/wp\/v2\/posts\/33159","targetHints":{"allow":["GET"]}}],"collection":[{"href":"https:\/\/www.egemtv.com\/index.php?rest_route=\/wp\/v2\/posts"}],"about":[{"href":"https:\/\/www.egemtv.com\/index.php?rest_route=\/wp\/v2\/types\/post"}],"author":[{"embeddable":true,"href":"https:\/\/www.egemtv.com\/index.php?rest_route=\/wp\/v2\/users\/1"}],"replies":[{"embeddable":true,"href":"https:\/\/www.egemtv.com\/index.php?rest_route=%2Fwp%2Fv2%2Fcomments&post=33159"}],"version-history":[{"count":1,"href":"https:\/\/www.egemtv.com\/index.php?rest_route=\/wp\/v2\/posts\/33159\/revisions"}],"predecessor-version":[{"id":33161,"href":"https:\/\/www.egemtv.com\/index.php?rest_route=\/wp\/v2\/posts\/33159\/revisions\/33161"}],"wp:featuredmedia":[{"embeddable":true,"href":"https:\/\/www.egemtv.com\/index.php?rest_route=\/wp\/v2\/media\/33160"}],"wp:attachment":[{"href":"https:\/\/www.egemtv.com\/index.php?rest_route=%2Fwp%2Fv2%2Fmedia&parent=33159"}],"wp:term":[{"taxonomy":"category","embeddable":true,"href":"https:\/\/www.egemtv.com\/index.php?rest_route=%2Fwp%2Fv2%2Fcategories&post=33159"},{"taxonomy":"post_tag","embeddable":true,"href":"https:\/\/www.egemtv.com\/index.php?rest_route=%2Fwp%2Fv2%2Ftags&post=33159"}],"curies":[{"name":"wp","href":"https:\/\/api.w.org\/{rel}","templated":true}]}}