{"id":33156,"date":"2025-06-05T09:56:18","date_gmt":"2025-06-05T06:56:18","guid":{"rendered":"https:\/\/www.egemtv.com\/?p=33156"},"modified":"2025-06-05T09:56:22","modified_gmt":"2025-06-05T06:56:22","slug":"yarimca-koyu-yabanci-otlardan-temizleniyor","status":"publish","type":"post","link":"https:\/\/www.egemtv.com\/?p=33156","title":{"rendered":"Yar\u0131mca k\u00f6y\u00fc yabanc\u0131 otlardan temizleniyor"},"content":{"rendered":"<p>Emirda\u011f il\u00e7esine ba\u011fl\u0131 Yar\u0131mca k\u00f6y\u00fc i\u00e7inde bulunan yabanc\u0131 otlar, K\u00f6y Muhtarl\u0131\u011f\u0131 taraf\u0131ndan temizleniyor.<br \/>\n<br \/>Muhtar Ali \u00dcn, b\u00fcy\u00fcyen yabanc\u0131 otlar\u0131n k\u00f6y\u00fcn fiziki g\u00f6r\u00fcn\u00fc\u015f\u00fcn\u00fc olumsuz etkiledi\u011fini anlatt\u0131. \u00d6nlem olarak ilk \u00f6nce k\u00f6y i\u00e7inde bulunan parktaki otlar\u0131 bi\u00e7tirerek temizlettirdi\u011fini s\u00f6yleyen \u00dcn, &#8220;Sonra bir g\u00f6revli arkada\u015f\u0131m\u0131z\u0131 kabristandaki otlar\u0131 temizlettirmek i\u00e7in g\u00f6revlendirdim ve kabristandaki b\u00fcy\u00fcm\u00fc\u015f yabanc\u0131 otlar bi\u00e7tirerek temizleniyor. Bayram i\u00e7in kabristana gelen vatanda\u015flar\u0131m\u0131z, yak\u0131nlar\u0131n\u0131 kabristanda ziyaret ederek dualar\u0131n\u0131 edeceklerdir. Di\u011fer g\u00f6revli arkada\u015f\u0131m\u0131z da caminin bah\u00e7esindeki yabanc\u0131 otlar\u0131 temizledi. Daha sonra k\u00f6y\u00fcn i\u00e7indeki yabanc\u0131 otlarda s\u0131ra ile bi\u00e7ilerek temizleniyor. K\u00f6y\u00fcm\u00fcz i\u00e7indeki yabanc\u0131 otlar\u0131n temizlenmesi bittikten sonra k\u00f6y\u00fcm\u00fcz\u00fcn fiziki \u00f6zelli\u011fi daha da g\u00fczelle\u015fecektir\u2019\u2019 dedi.<br \/><\/p>\n","protected":false},"excerpt":{"rendered":"<p>Emirda\u011f il\u00e7esine ba\u011fl\u0131 Yar\u0131mca k\u00f6y\u00fc i\u00e7inde bulunan yabanc\u0131 otlar, K\u00f6y Muhtarl\u0131\u011f\u0131 taraf\u0131ndan temizleniyor. Muhtar Ali \u00dcn, b\u00fcy\u00fcyen yabanc\u0131 otlar\u0131n k\u00f6y\u00fcn fiziki g\u00f6r\u00fcn\u00fc\u015f\u00fcn\u00fc olumsuz etkiledi\u011fini anlatt\u0131. \u00d6nlem olarak ilk \u00f6nce k\u00f6y i\u00e7inde bulunan parktaki otlar\u0131 bi\u00e7tirerek temizlettirdi\u011fini s\u00f6yleyen \u00dcn, &#8220;Sonra bir g\u00f6revli arkada\u015f\u0131m\u0131z\u0131 kabristandaki otlar\u0131 temizlettirmek i\u00e7in g\u00f6revlendirdim ve kabristandaki b\u00fcy\u00fcm\u00fc\u015f yabanc\u0131 otlar bi\u00e7tirerek temizleniyor. Bayram&#8230;<\/p>\n","protected":false},"author":1,"featured_media":33157,"comment_status":"open","ping_status":"open","sticky":false,"template":"","format":"standard","meta":{"_crdt_document":"","footnotes":""},"categories":[1],"tags":[],"class_list":["post-33156","post","type-post","status-publish","format-standard","has-post-thumbnail","hentry","category-guncel"],"_links":{"self":[{"href":"https:\/\/www.egemtv.com\/index.php?rest_route=\/wp\/v2\/posts\/33156","targetHints":{"allow":["GET"]}}],"collection":[{"href":"https:\/\/www.egemtv.com\/index.php?rest_route=\/wp\/v2\/posts"}],"about":[{"href":"https:\/\/www.egemtv.com\/index.php?rest_route=\/wp\/v2\/types\/post"}],"author":[{"embeddable":true,"href":"https:\/\/www.egemtv.com\/index.php?rest_route=\/wp\/v2\/users\/1"}],"replies":[{"embeddable":true,"href":"https:\/\/www.egemtv.com\/index.php?rest_route=%2Fwp%2Fv2%2Fcomments&post=33156"}],"version-history":[{"count":1,"href":"https:\/\/www.egemtv.com\/index.php?rest_route=\/wp\/v2\/posts\/33156\/revisions"}],"predecessor-version":[{"id":33158,"href":"https:\/\/www.egemtv.com\/index.php?rest_route=\/wp\/v2\/posts\/33156\/revisions\/33158"}],"wp:featuredmedia":[{"embeddable":true,"href":"https:\/\/www.egemtv.com\/index.php?rest_route=\/wp\/v2\/media\/33157"}],"wp:attachment":[{"href":"https:\/\/www.egemtv.com\/index.php?rest_route=%2Fwp%2Fv2%2Fmedia&parent=33156"}],"wp:term":[{"taxonomy":"category","embeddable":true,"href":"https:\/\/www.egemtv.com\/index.php?rest_route=%2Fwp%2Fv2%2Fcategories&post=33156"},{"taxonomy":"post_tag","embeddable":true,"href":"https:\/\/www.egemtv.com\/index.php?rest_route=%2Fwp%2Fv2%2Ftags&post=33156"}],"curies":[{"name":"wp","href":"https:\/\/api.w.org\/{rel}","templated":true}]}}