{"id":33117,"date":"2025-06-04T18:55:42","date_gmt":"2025-06-04T15:55:42","guid":{"rendered":"https:\/\/www.egemtv.com\/?p=33117"},"modified":"2025-06-04T18:55:46","modified_gmt":"2025-06-04T15:55:46","slug":"hisarcik-myoda-sigortacilik-sektorundeki-aracilik-hizmetlerine-yonelik-etkinlik","status":"publish","type":"post","link":"https:\/\/www.egemtv.com\/?p=33117","title":{"rendered":"Hisarc\u0131k MYO\u2019da sigortac\u0131l\u0131k sekt\u00f6r\u00fcndeki arac\u0131l\u0131k hizmetlerine y\u00f6nelik etkinlik"},"content":{"rendered":"<p>K\u00fctahya Dumlup\u0131nar \u00dcniversitesi Hisarc\u0131k Meslek Y\u00fcksekokulunda sigortac\u0131l\u0131k sekt\u00f6r\u00fcndeki arac\u0131l\u0131k hizmetlerine y\u00f6nelik etkinlik d\u00fczenlendi.<br \/>\n<br \/>Etkinlikte Sigorta Arac\u0131l\u0131k Hizmetleri Hisarc\u0131k \u015eube M\u00fcd\u00fcr\u00fc \u0130smail Hakk\u0131 Demir\u2019in sigorta arac\u0131l\u0131k hizmetleri \u00e7er\u00e7evesinde acentelik faaliyetlerindeki tecr\u00fcbelerini aktard\u0131\u011f\u0131 s\u00f6yle\u015fide, uygulamada kar\u015f\u0131la\u015f\u0131lan sorunlar ve bu sorunlara y\u00f6nelik geli\u015ftirilen \u00e7\u00f6z\u00fcm \u00f6nerileri ele al\u0131nd\u0131. Demir, etkinli\u011fe kat\u0131lan \u00f6\u011frencilerin sorular\u0131n\u0131 \u00f6rnek olaylar \u00fczerinden cevaplad\u0131. Ayr\u0131ca \u00f6\u011frencilere sigorta acenteli\u011fi hakk\u0131nda mesleki bilgiler aktard\u0131.<br \/>\n<br \/>Etkinli\u011fe Hisarc\u0131k MYO M\u00fcd\u00fcr\u00fc \u00d6\u011fr. G\u00f6r. Burak Kavaslar, M\u00fcd\u00fcr Yard\u0131mc\u0131s\u0131 \u00d6\u011fretim G\u00f6revlisi Fadim Ko\u00e7, Finans Bankac\u0131l\u0131k ve Sigortac\u0131l\u0131k B\u00f6l\u00fcm Ba\u015fkan Vekili \u00d6\u011fretim G\u00f6revlisi Nuri Uslu, akademik ve idari personel ile \u00e7ok say\u0131da \u00f6\u011frenci kat\u0131l\u0131m g\u00f6sterdi. Program\u0131n sonunda \u00d6\u011fretim G\u00f6revlisi Burak Kavaslar, \u0130smail Hakk\u0131 Demir\u2019e katk\u0131lar\u0131ndan dolay\u0131 te\u015fekk\u00fcr belgesi takdim etti. D\u00fczenlenen etkinlikte \u00f6\u011frenciler teorik bilgiler ile sekt\u00f6rdeki uygulamalar\u0131 birle\u015ftirme f\u0131rsat\u0131 buldu.<br \/>\n<br \/>Hisarc\u0131k MYO y\u00f6netimi, benzer etkinliklerle \u00f6\u011frencilerin meslek hayat\u0131na daha iyi haz\u0131rlanmalar\u0131n\u0131 hedeflediklerini ifade etti.<br \/><\/p>\n","protected":false},"excerpt":{"rendered":"<p>K\u00fctahya Dumlup\u0131nar \u00dcniversitesi Hisarc\u0131k Meslek Y\u00fcksekokulunda sigortac\u0131l\u0131k sekt\u00f6r\u00fcndeki arac\u0131l\u0131k hizmetlerine y\u00f6nelik etkinlik d\u00fczenlendi. Etkinlikte Sigorta Arac\u0131l\u0131k Hizmetleri Hisarc\u0131k \u015eube M\u00fcd\u00fcr\u00fc \u0130smail Hakk\u0131 Demir\u2019in sigorta arac\u0131l\u0131k hizmetleri \u00e7er\u00e7evesinde acentelik faaliyetlerindeki tecr\u00fcbelerini aktard\u0131\u011f\u0131 s\u00f6yle\u015fide, uygulamada kar\u015f\u0131la\u015f\u0131lan sorunlar ve bu sorunlara y\u00f6nelik geli\u015ftirilen \u00e7\u00f6z\u00fcm \u00f6nerileri ele al\u0131nd\u0131. Demir, etkinli\u011fe kat\u0131lan \u00f6\u011frencilerin sorular\u0131n\u0131 \u00f6rnek olaylar \u00fczerinden cevaplad\u0131. Ayr\u0131ca \u00f6\u011frencilere&#8230;<\/p>\n","protected":false},"author":1,"featured_media":33118,"comment_status":"open","ping_status":"open","sticky":false,"template":"","format":"standard","meta":{"_crdt_document":"","footnotes":""},"categories":[1],"tags":[],"class_list":["post-33117","post","type-post","status-publish","format-standard","has-post-thumbnail","hentry","category-guncel"],"_links":{"self":[{"href":"https:\/\/www.egemtv.com\/index.php?rest_route=\/wp\/v2\/posts\/33117","targetHints":{"allow":["GET"]}}],"collection":[{"href":"https:\/\/www.egemtv.com\/index.php?rest_route=\/wp\/v2\/posts"}],"about":[{"href":"https:\/\/www.egemtv.com\/index.php?rest_route=\/wp\/v2\/types\/post"}],"author":[{"embeddable":true,"href":"https:\/\/www.egemtv.com\/index.php?rest_route=\/wp\/v2\/users\/1"}],"replies":[{"embeddable":true,"href":"https:\/\/www.egemtv.com\/index.php?rest_route=%2Fwp%2Fv2%2Fcomments&post=33117"}],"version-history":[{"count":1,"href":"https:\/\/www.egemtv.com\/index.php?rest_route=\/wp\/v2\/posts\/33117\/revisions"}],"predecessor-version":[{"id":33119,"href":"https:\/\/www.egemtv.com\/index.php?rest_route=\/wp\/v2\/posts\/33117\/revisions\/33119"}],"wp:featuredmedia":[{"embeddable":true,"href":"https:\/\/www.egemtv.com\/index.php?rest_route=\/wp\/v2\/media\/33118"}],"wp:attachment":[{"href":"https:\/\/www.egemtv.com\/index.php?rest_route=%2Fwp%2Fv2%2Fmedia&parent=33117"}],"wp:term":[{"taxonomy":"category","embeddable":true,"href":"https:\/\/www.egemtv.com\/index.php?rest_route=%2Fwp%2Fv2%2Fcategories&post=33117"},{"taxonomy":"post_tag","embeddable":true,"href":"https:\/\/www.egemtv.com\/index.php?rest_route=%2Fwp%2Fv2%2Ftags&post=33117"}],"curies":[{"name":"wp","href":"https:\/\/api.w.org\/{rel}","templated":true}]}}