{"id":33114,"date":"2025-06-04T18:35:53","date_gmt":"2025-06-04T15:35:53","guid":{"rendered":"https:\/\/www.egemtv.com\/?p=33114"},"modified":"2025-06-04T18:35:58","modified_gmt":"2025-06-04T15:35:58","slug":"zipkinla-balik-avlamak-icin-denize-dalan-sahsin-cesedi-bulundu","status":"publish","type":"post","link":"https:\/\/www.egemtv.com\/?p=33114","title":{"rendered":"Z\u0131pk\u0131nla bal\u0131k avlamak i\u00e7in denize dalan \u015fahs\u0131n cesedi bulundu"},"content":{"rendered":"<p>Fethiye\u2019nin \u00d6l\u00fcdeniz Mahallesi\u2019nde dal\u0131\u015fa merakl\u0131 51 ya\u015f\u0131ndaki Hakan Hanc\u0131o\u011flu sabah saatlerinde z\u0131pk\u0131nla bal\u0131k avlamak i\u00e7in dal\u0131\u015f yapt\u0131. Uzun s\u00fcre denizden \u00e7\u0131kmayan \u015fah\u0131s\u0131n, hayat\u0131ndan endi\u015fe eden yak\u0131nlar\u0131n\u0131n ihbar\u0131 ile denide yap\u0131lan aramada cesedi bulundu. 51 ya\u015f\u0131ndaki Hakan Hanc\u0131o\u011flu\u2019nun vurgun yedi\u011fi tahmin ediliyor.<br \/>\n<br \/>Fethiye\u2019nin \u00d6l\u00fcdeniz Mahallesi\u2019nde K\u0131drak Plaj\u0131 ile Gizlikoy aras\u0131ndaki deniz y\u00fczeyinde \u00fczerinde dalg\u0131\u00e7 elbisesi bulunan ve uzun s\u00fcre su y\u00fczeyinde duran \u015fahs\u0131n durumundan endi\u015fe eden \u00e7evredekiler durumu 112 Acil \u00c7a\u011fr\u0131 Merkezi\u2019ne ihbar etti. \u0130hbar \u00fczerine harekete ge\u00e7en Fethiye Sahil G\u00fcvenlik Komutanl\u0131\u011f\u0131\u2019na ait \u00d6l\u00fcdeniz\u2019de konu\u015flu bulunan kontrol botu b\u00f6lgede yapt\u0131\u011f\u0131 \u00e7al\u0131\u015fma ile su y\u00fczeyindeki \u015fahsa ula\u015ft\u0131. Hayat\u0131n\u0131 kaybetti\u011fi belirlenen \u015fah\u0131s Sahil G\u00fcvenlik ekipleri taraf\u0131ndan denizden \u00e7\u0131kar\u0131larak Fethiye Devlet Hastanesi Morguna kald\u0131rd\u0131.<br \/>\n<br \/>Yap\u0131lan ara\u015ft\u0131rmalar\u0131n ard\u0131ndan cesedin 51 ya\u015f\u0131ndaki Hakan Hanc\u0131o\u011flu oldu\u011fu belirlendi. Evli, 2 \u00e7ocuk babas\u0131 Hakan Hanc\u0131o\u011flu\u2019nun sabah saatlerinde dal\u0131\u015f yapmak \u00fczere b\u00f6lgeye gitti\u011fi ve yakla\u015f\u0131k 30 kiloluk bir bal\u0131\u011f\u0131 takip ederken, muhtemelen vurgun yeme sonucu hayat\u0131n\u0131 kaybetti\u011fi san\u0131l\u0131yor. Fethiye Devlet Hastanesi Morgunda Cumhuriyet Savc\u0131s\u0131n\u0131n yapt\u0131\u011f\u0131 \u00f6n incelemenin ard\u0131ndan Hanc\u0131o\u011flu\u2019nun cesedi otopsi i\u00e7in Mu\u011fla Adli T\u0131p Kurumu\u2019na g\u00f6nderildi.   Savc\u0131l\u0131k olayla ilgili soru\u015fturma ba\u015flatt\u0131.<br \/><\/p>\n","protected":false},"excerpt":{"rendered":"<p>Fethiye\u2019nin \u00d6l\u00fcdeniz Mahallesi\u2019nde dal\u0131\u015fa merakl\u0131 51 ya\u015f\u0131ndaki Hakan Hanc\u0131o\u011flu sabah saatlerinde z\u0131pk\u0131nla bal\u0131k avlamak i\u00e7in dal\u0131\u015f yapt\u0131. Uzun s\u00fcre denizden \u00e7\u0131kmayan \u015fah\u0131s\u0131n, hayat\u0131ndan endi\u015fe eden yak\u0131nlar\u0131n\u0131n ihbar\u0131 ile denide yap\u0131lan aramada cesedi bulundu. 51 ya\u015f\u0131ndaki Hakan Hanc\u0131o\u011flu\u2019nun vurgun yedi\u011fi tahmin ediliyor. Fethiye\u2019nin \u00d6l\u00fcdeniz Mahallesi\u2019nde K\u0131drak Plaj\u0131 ile Gizlikoy aras\u0131ndaki deniz y\u00fczeyinde \u00fczerinde dalg\u0131\u00e7 elbisesi bulunan&#8230;<\/p>\n","protected":false},"author":1,"featured_media":33115,"comment_status":"open","ping_status":"open","sticky":false,"template":"","format":"standard","meta":{"_crdt_document":"","footnotes":""},"categories":[5],"tags":[],"class_list":["post-33114","post","type-post","status-publish","format-standard","has-post-thumbnail","hentry","category-asayis"],"_links":{"self":[{"href":"https:\/\/www.egemtv.com\/index.php?rest_route=\/wp\/v2\/posts\/33114","targetHints":{"allow":["GET"]}}],"collection":[{"href":"https:\/\/www.egemtv.com\/index.php?rest_route=\/wp\/v2\/posts"}],"about":[{"href":"https:\/\/www.egemtv.com\/index.php?rest_route=\/wp\/v2\/types\/post"}],"author":[{"embeddable":true,"href":"https:\/\/www.egemtv.com\/index.php?rest_route=\/wp\/v2\/users\/1"}],"replies":[{"embeddable":true,"href":"https:\/\/www.egemtv.com\/index.php?rest_route=%2Fwp%2Fv2%2Fcomments&post=33114"}],"version-history":[{"count":1,"href":"https:\/\/www.egemtv.com\/index.php?rest_route=\/wp\/v2\/posts\/33114\/revisions"}],"predecessor-version":[{"id":33116,"href":"https:\/\/www.egemtv.com\/index.php?rest_route=\/wp\/v2\/posts\/33114\/revisions\/33116"}],"wp:featuredmedia":[{"embeddable":true,"href":"https:\/\/www.egemtv.com\/index.php?rest_route=\/wp\/v2\/media\/33115"}],"wp:attachment":[{"href":"https:\/\/www.egemtv.com\/index.php?rest_route=%2Fwp%2Fv2%2Fmedia&parent=33114"}],"wp:term":[{"taxonomy":"category","embeddable":true,"href":"https:\/\/www.egemtv.com\/index.php?rest_route=%2Fwp%2Fv2%2Fcategories&post=33114"},{"taxonomy":"post_tag","embeddable":true,"href":"https:\/\/www.egemtv.com\/index.php?rest_route=%2Fwp%2Fv2%2Ftags&post=33114"}],"curies":[{"name":"wp","href":"https:\/\/api.w.org\/{rel}","templated":true}]}}