{"id":33111,"date":"2025-06-04T18:35:50","date_gmt":"2025-06-04T15:35:50","guid":{"rendered":"https:\/\/www.egemtv.com\/?p=33111"},"modified":"2025-06-04T18:35:52","modified_gmt":"2025-06-04T15:35:52","slug":"bayram-tatili-icin-koyune-gelen-genc-traktor-kazasinda-hayatini-kaybetti","status":"publish","type":"post","link":"https:\/\/www.egemtv.com\/?p=33111","title":{"rendered":"Bayram tatili i\u00e7in k\u00f6y\u00fcne gelen gen\u00e7, trakt\u00f6r kazas\u0131nda hayat\u0131n\u0131 kaybetti"},"content":{"rendered":"<p>K\u00fctahya\u2019n\u0131n Tav\u015fanl\u0131 il\u00e7esinde bayram tatili i\u00e7in k\u00f6y\u00fcne gelen 19 ya\u015f\u0131ndaki gen\u00e7, tarla i\u015flerine yard\u0131m ederken meydana gelen trakt\u00f6r kazas\u0131nda hayat\u0131n\u0131 kaybetti.<br \/>\n<br \/>\u0130stanbul\u2019da \u00fcniversiteye haz\u0131rland\u0131\u011f\u0131 \u00f6\u011frenilen 19 ya\u015f\u0131ndaki Halil \u0130brahim Bal\u0131, bayram tatili i\u00e7in memleketi Tav\u015fanl\u0131\u2019n\u0131n Kay\u0131k\u00f6y\u2019\u00fcne geldi. K\u00f6yde tarla i\u015flerine yard\u0131m etmek isteyen gen\u00e7, trakt\u00f6r pistonunun aniden inmesi sonucu r\u00f6mork ile trakt\u00f6r\u00fcn tekerle\u011fi aras\u0131na s\u0131k\u0131\u015ft\u0131. Olay\u0131 g\u00f6ren yak\u0131nlar\u0131n\u0131n 112\u2018yi aramas\u0131 ile gelen ekipler gencin hayat\u0131n\u0131 kaybetti\u011fini belirledi. Bal\u0131\u2019n\u0131n cenazesi savc\u0131l\u0131k incelemesinin  ard\u0131ndan Tav\u015fanl\u0131 Do\u00e7. Dr. Mustafa Kalemli Devlet hastanesi morguna kald\u0131r\u0131ld\u0131.<br \/>\n<br \/>K\u00f6y muhtar\u0131 Mehmet Ali Bal\u0131\u2019n\u0131n o\u011flu olan genci \u00f6l\u00fcm\u00fc, bayram \u00f6ncesi t\u00fcm k\u00f6y\u00fc yasa bo\u011fdu. Cenaze haberini alan k\u00f6y sakinleri, muhtar Bal\u0131\u2019n\u0131n evine ak\u0131n ederek taziyelerini iletti.<br \/>\n<br \/>Halil \u0130brahim Bal\u0131\u2019n\u0131n cenazesinin yar\u0131n k\u00f6y mezarl\u0131\u011f\u0131nda topra\u011fa verilmesi beklenirken, jandarma ekipleri olayla ilgili inceleme ba\u015flatt\u0131. Tav\u015fanl\u0131 Kaymakam\u0131 Hayrettin Bask\u0131n da hastane morguna giderek ac\u0131l\u0131 muhtar ve aileye ba\u015fsa\u011fl\u0131\u011f\u0131 dileklerini iletti.<br \/><\/p>\n","protected":false},"excerpt":{"rendered":"<p>K\u00fctahya\u2019n\u0131n Tav\u015fanl\u0131 il\u00e7esinde bayram tatili i\u00e7in k\u00f6y\u00fcne gelen 19 ya\u015f\u0131ndaki gen\u00e7, tarla i\u015flerine yard\u0131m ederken meydana gelen trakt\u00f6r kazas\u0131nda hayat\u0131n\u0131 kaybetti. \u0130stanbul\u2019da \u00fcniversiteye haz\u0131rland\u0131\u011f\u0131 \u00f6\u011frenilen 19 ya\u015f\u0131ndaki Halil \u0130brahim Bal\u0131, bayram tatili i\u00e7in memleketi Tav\u015fanl\u0131\u2019n\u0131n Kay\u0131k\u00f6y\u2019\u00fcne geldi. K\u00f6yde tarla i\u015flerine yard\u0131m etmek isteyen gen\u00e7, trakt\u00f6r pistonunun aniden inmesi sonucu r\u00f6mork ile trakt\u00f6r\u00fcn tekerle\u011fi aras\u0131na s\u0131k\u0131\u015ft\u0131&#8230;.<\/p>\n","protected":false},"author":1,"featured_media":33112,"comment_status":"open","ping_status":"open","sticky":false,"template":"","format":"standard","meta":{"_crdt_document":"","footnotes":""},"categories":[5],"tags":[],"class_list":["post-33111","post","type-post","status-publish","format-standard","has-post-thumbnail","hentry","category-asayis"],"_links":{"self":[{"href":"https:\/\/www.egemtv.com\/index.php?rest_route=\/wp\/v2\/posts\/33111","targetHints":{"allow":["GET"]}}],"collection":[{"href":"https:\/\/www.egemtv.com\/index.php?rest_route=\/wp\/v2\/posts"}],"about":[{"href":"https:\/\/www.egemtv.com\/index.php?rest_route=\/wp\/v2\/types\/post"}],"author":[{"embeddable":true,"href":"https:\/\/www.egemtv.com\/index.php?rest_route=\/wp\/v2\/users\/1"}],"replies":[{"embeddable":true,"href":"https:\/\/www.egemtv.com\/index.php?rest_route=%2Fwp%2Fv2%2Fcomments&post=33111"}],"version-history":[{"count":1,"href":"https:\/\/www.egemtv.com\/index.php?rest_route=\/wp\/v2\/posts\/33111\/revisions"}],"predecessor-version":[{"id":33113,"href":"https:\/\/www.egemtv.com\/index.php?rest_route=\/wp\/v2\/posts\/33111\/revisions\/33113"}],"wp:featuredmedia":[{"embeddable":true,"href":"https:\/\/www.egemtv.com\/index.php?rest_route=\/wp\/v2\/media\/33112"}],"wp:attachment":[{"href":"https:\/\/www.egemtv.com\/index.php?rest_route=%2Fwp%2Fv2%2Fmedia&parent=33111"}],"wp:term":[{"taxonomy":"category","embeddable":true,"href":"https:\/\/www.egemtv.com\/index.php?rest_route=%2Fwp%2Fv2%2Fcategories&post=33111"},{"taxonomy":"post_tag","embeddable":true,"href":"https:\/\/www.egemtv.com\/index.php?rest_route=%2Fwp%2Fv2%2Ftags&post=33111"}],"curies":[{"name":"wp","href":"https:\/\/api.w.org\/{rel}","templated":true}]}}