{"id":33108,"date":"2025-06-04T18:16:32","date_gmt":"2025-06-04T15:16:32","guid":{"rendered":"https:\/\/www.egemtv.com\/?p=33108"},"modified":"2025-06-04T18:16:37","modified_gmt":"2025-06-04T15:16:37","slug":"mentese-belediyesinden-kursunlu-camiine-golgelik-tente","status":"publish","type":"post","link":"https:\/\/www.egemtv.com\/?p=33108","title":{"rendered":"Mente\u015fe Belediyesi\u2019nden Kur\u015funlu Camii\u2019ne g\u00f6lgelik tente"},"content":{"rendered":"<p>Mu\u011fla\u2019n\u0131n \u00f6nemli simgelerinden tarihi Kur\u015funlu Camiinin bah\u00e7esine s\u0131cak ve ya\u011fmurlu havalarda kullan\u0131lmak \u00fczere Mente\u015fe Belediyesi taraf\u0131ndan tente monte edildi.<br \/>\n<br \/>Vak\u0131flar B\u00f6lge M\u00fcd\u00fcrl\u00fc\u011f\u00fc sorumluluk alan\u0131nda yer alan Kur\u015funlu Camiinde daha \u00f6nce var olan tentenin eskimesi \u00fczerine vatanda\u015flar ilgili kurumdan tentenin yenilenmesi talebinde bulunduklar\u0131 \u00f6\u011frenildi. Havalar\u0131n \u0131s\u0131nmas\u0131 nedeniyle yaz aylar\u0131nda s\u0131caktan, k\u0131\u015f aylar\u0131nda ise ya\u011fmurdan koruyacak tente \u00f6zellikle cenazelerde daha fazla ihtiya\u00e7 duyuluyor.<br \/>\n<br \/>Eskiyen tentenin yerine yeni tente talebini Mente\u015fe Belediyesine ileten vatanda\u015flar\u0131n bu talebi Mente\u015fe Belediyesi taraf\u0131ndan yerine getirildi. Cami avlusuna yeni bir g\u00f6lgelik tente sistemi kuruldu. A\u00e7\u0131l\u0131r-kapan\u0131r mafsall\u0131 yap\u0131daki 12 metreye 5 metre \u00f6l\u00e7\u00fclerindeki tente, yaz aylar\u0131nda g\u00fcne\u015fin k\u0131\u015f\u0131n ise ya\u011fmurun etkisini azaltacak.<br \/>\n<br \/>Uygulamadan memnun olduklar\u0131n\u0131 dile getiren bir vatanda\u015f, &#8220;Vak\u0131flar taraf\u0131ndan tentenin yenilenece\u011fi s\u00f6yleniyordu uzun s\u00fcredir. Ancak bir \u00e7al\u0131\u015fma yap\u0131lmam\u0131\u015ft\u0131. \u00d6\u011flenleri g\u00fcne\u015f bizi yak\u0131yordu. Vak\u0131flar\u0131n i\u015fi deniliyordu ancak onlar\u0131n yapamad\u0131\u011f\u0131n\u0131 belediyemiz geldi yapt\u0131, te\u015fekk\u00fcr ederiz art\u0131k g\u00f6lgede bekleyebiliyoruz&#8221; dedi.<br \/><\/p>\n","protected":false},"excerpt":{"rendered":"<p>Mu\u011fla\u2019n\u0131n \u00f6nemli simgelerinden tarihi Kur\u015funlu Camiinin bah\u00e7esine s\u0131cak ve ya\u011fmurlu havalarda kullan\u0131lmak \u00fczere Mente\u015fe Belediyesi taraf\u0131ndan tente monte edildi. Vak\u0131flar B\u00f6lge M\u00fcd\u00fcrl\u00fc\u011f\u00fc sorumluluk alan\u0131nda yer alan Kur\u015funlu Camiinde daha \u00f6nce var olan tentenin eskimesi \u00fczerine vatanda\u015flar ilgili kurumdan tentenin yenilenmesi talebinde bulunduklar\u0131 \u00f6\u011frenildi. Havalar\u0131n \u0131s\u0131nmas\u0131 nedeniyle yaz aylar\u0131nda s\u0131caktan, k\u0131\u015f aylar\u0131nda ise ya\u011fmurdan koruyacak tente&#8230;<\/p>\n","protected":false},"author":1,"featured_media":33109,"comment_status":"open","ping_status":"open","sticky":false,"template":"","format":"standard","meta":{"_crdt_document":"","footnotes":""},"categories":[1],"tags":[],"class_list":["post-33108","post","type-post","status-publish","format-standard","has-post-thumbnail","hentry","category-guncel"],"_links":{"self":[{"href":"https:\/\/www.egemtv.com\/index.php?rest_route=\/wp\/v2\/posts\/33108","targetHints":{"allow":["GET"]}}],"collection":[{"href":"https:\/\/www.egemtv.com\/index.php?rest_route=\/wp\/v2\/posts"}],"about":[{"href":"https:\/\/www.egemtv.com\/index.php?rest_route=\/wp\/v2\/types\/post"}],"author":[{"embeddable":true,"href":"https:\/\/www.egemtv.com\/index.php?rest_route=\/wp\/v2\/users\/1"}],"replies":[{"embeddable":true,"href":"https:\/\/www.egemtv.com\/index.php?rest_route=%2Fwp%2Fv2%2Fcomments&post=33108"}],"version-history":[{"count":1,"href":"https:\/\/www.egemtv.com\/index.php?rest_route=\/wp\/v2\/posts\/33108\/revisions"}],"predecessor-version":[{"id":33110,"href":"https:\/\/www.egemtv.com\/index.php?rest_route=\/wp\/v2\/posts\/33108\/revisions\/33110"}],"wp:featuredmedia":[{"embeddable":true,"href":"https:\/\/www.egemtv.com\/index.php?rest_route=\/wp\/v2\/media\/33109"}],"wp:attachment":[{"href":"https:\/\/www.egemtv.com\/index.php?rest_route=%2Fwp%2Fv2%2Fmedia&parent=33108"}],"wp:term":[{"taxonomy":"category","embeddable":true,"href":"https:\/\/www.egemtv.com\/index.php?rest_route=%2Fwp%2Fv2%2Fcategories&post=33108"},{"taxonomy":"post_tag","embeddable":true,"href":"https:\/\/www.egemtv.com\/index.php?rest_route=%2Fwp%2Fv2%2Ftags&post=33108"}],"curies":[{"name":"wp","href":"https:\/\/api.w.org\/{rel}","templated":true}]}}