{"id":33105,"date":"2025-06-04T18:16:28","date_gmt":"2025-06-04T15:16:28","guid":{"rendered":"https:\/\/www.egemtv.com\/?p=33105"},"modified":"2025-06-04T18:16:32","modified_gmt":"2025-06-04T15:16:32","slug":"vali-akbiyiktan-kurban-bayrami-mesaji","status":"publish","type":"post","link":"https:\/\/www.egemtv.com\/?p=33105","title":{"rendered":"Vali Akb\u0131y\u0131k\u2019tan Kurban Bayram\u0131 mesaj\u0131"},"content":{"rendered":"<p>Mu\u011fla Valisi Dr. \u0130dris Akb\u0131y\u0131k Ramazan Bayram\u0131 nedeniyle mesaj yay\u0131mlad\u0131.<br \/>\n<br \/>Vali Akb\u0131y\u0131k mesaj\u0131nda, &#8220;Maneviyat\u0131n, yard\u0131mla\u015fman\u0131n, payla\u015fman\u0131n ve karde\u015fli\u011fin en g\u00fczel \u015fekilde ya\u015fand\u0131\u011f\u0131 m\u00fcstesna zamanlardan biri olan M\u00fcbarek Kurban Bayram\u0131\u2019na kavu\u015fman\u0131n huzurunu ve mutlulu\u011funu hep birlikte ya\u015f\u0131yoruz. Bayramlar; g\u00f6n\u00fcller aras\u0131nda k\u00f6pr\u00fc kuran, k\u0131rg\u0131nl\u0131klar\u0131n sona erdi\u011fi, dostluk ve muhabbetin peki\u015fti\u011fi, toplumsal dayan\u0131\u015fman\u0131n zirveye ula\u015ft\u0131\u011f\u0131 \u00f6zel g\u00fcnlerdir. Bu m\u00fcbarek g\u00fcnlerde ihtiya\u00e7 sahiplerine el uzatmak, b\u00fcy\u00fcklerimizi ziyaret etmek, \u00e7ocuklar\u0131m\u0131z\u0131 sevindirmek ve bayram\u0131n ruhuna yak\u0131\u015f\u0131r bir \u015fekilde hareket etmek, bizleri hem insan\u00ee hem de toplumsal olarak daha g\u00fc\u00e7l\u00fc k\u0131lacakt\u0131r. Mu\u011fla\u2019m\u0131z\u0131n d\u00f6rt bir yan\u0131nda vatanda\u015flar\u0131m\u0131z\u0131n bayram\u0131 huzur ve g\u00fcven i\u00e7inde ge\u00e7irmesi i\u00e7in t\u00fcm kamu kurumlar\u0131m\u0131z g\u00f6rev ba\u015f\u0131ndad\u0131r. Bayram s\u00fcresince yola \u00e7\u0131kacak olan vatanda\u015flar\u0131m\u0131zdan da trafik kurallar\u0131na titizlikle uymalar\u0131n\u0131, yorgun ara\u00e7 kullanmamalar\u0131n\u0131, dikkatli ve sab\u0131rl\u0131 olmalar\u0131n\u0131 \u00f6zellikle rica ediyorum. Bayram ve tatil sevincimizi maddi ve manevi \u00fcz\u00fcnt\u00fcye d\u00f6n\u00fc\u015ft\u00fcrmemek i\u00e7in hep birlikte azami hassasiyet g\u00f6sterelim. Bu duygu ve d\u00fc\u015f\u00fcncelerle; ba\u015fta aziz \u015fehitlerimizin k\u0131ymetli aileleri ve kahraman gazilerimiz olmak \u00fczere, t\u00fcm vatanda\u015flar\u0131m\u0131z\u0131n, g\u00fcvenlik g\u00fc\u00e7lerimizin, sa\u011fl\u0131k \u00e7al\u0131\u015fanlar\u0131m\u0131z\u0131n, kamu personelimizin, bas\u0131n mensuplar\u0131m\u0131z\u0131n ve bayram\u0131 ilimizde ge\u00e7irecek t\u00fcm misafirlerimizin Kurban Bayram\u0131\u2019n\u0131 en i\u00e7ten dileklerimle tebrik ediyorum&#8221; dedi.<br \/><\/p>\n","protected":false},"excerpt":{"rendered":"<p>Mu\u011fla Valisi Dr. \u0130dris Akb\u0131y\u0131k Ramazan Bayram\u0131 nedeniyle mesaj yay\u0131mlad\u0131. Vali Akb\u0131y\u0131k mesaj\u0131nda, &#8220;Maneviyat\u0131n, yard\u0131mla\u015fman\u0131n, payla\u015fman\u0131n ve karde\u015fli\u011fin en g\u00fczel \u015fekilde ya\u015fand\u0131\u011f\u0131 m\u00fcstesna zamanlardan biri olan M\u00fcbarek Kurban Bayram\u0131\u2019na kavu\u015fman\u0131n huzurunu ve mutlulu\u011funu hep birlikte ya\u015f\u0131yoruz. Bayramlar; g\u00f6n\u00fcller aras\u0131nda k\u00f6pr\u00fc kuran, k\u0131rg\u0131nl\u0131klar\u0131n sona erdi\u011fi, dostluk ve muhabbetin peki\u015fti\u011fi, toplumsal dayan\u0131\u015fman\u0131n zirveye ula\u015ft\u0131\u011f\u0131 \u00f6zel g\u00fcnlerdir. Bu&#8230;<\/p>\n","protected":false},"author":1,"featured_media":33106,"comment_status":"open","ping_status":"open","sticky":false,"template":"","format":"standard","meta":{"_crdt_document":"","footnotes":""},"categories":[123],"tags":[],"class_list":["post-33105","post","type-post","status-publish","format-standard","has-post-thumbnail","hentry","category-gundem"],"_links":{"self":[{"href":"https:\/\/www.egemtv.com\/index.php?rest_route=\/wp\/v2\/posts\/33105","targetHints":{"allow":["GET"]}}],"collection":[{"href":"https:\/\/www.egemtv.com\/index.php?rest_route=\/wp\/v2\/posts"}],"about":[{"href":"https:\/\/www.egemtv.com\/index.php?rest_route=\/wp\/v2\/types\/post"}],"author":[{"embeddable":true,"href":"https:\/\/www.egemtv.com\/index.php?rest_route=\/wp\/v2\/users\/1"}],"replies":[{"embeddable":true,"href":"https:\/\/www.egemtv.com\/index.php?rest_route=%2Fwp%2Fv2%2Fcomments&post=33105"}],"version-history":[{"count":1,"href":"https:\/\/www.egemtv.com\/index.php?rest_route=\/wp\/v2\/posts\/33105\/revisions"}],"predecessor-version":[{"id":33107,"href":"https:\/\/www.egemtv.com\/index.php?rest_route=\/wp\/v2\/posts\/33105\/revisions\/33107"}],"wp:featuredmedia":[{"embeddable":true,"href":"https:\/\/www.egemtv.com\/index.php?rest_route=\/wp\/v2\/media\/33106"}],"wp:attachment":[{"href":"https:\/\/www.egemtv.com\/index.php?rest_route=%2Fwp%2Fv2%2Fmedia&parent=33105"}],"wp:term":[{"taxonomy":"category","embeddable":true,"href":"https:\/\/www.egemtv.com\/index.php?rest_route=%2Fwp%2Fv2%2Fcategories&post=33105"},{"taxonomy":"post_tag","embeddable":true,"href":"https:\/\/www.egemtv.com\/index.php?rest_route=%2Fwp%2Fv2%2Ftags&post=33105"}],"curies":[{"name":"wp","href":"https:\/\/api.w.org\/{rel}","templated":true}]}}