{"id":33099,"date":"2025-06-04T17:36:35","date_gmt":"2025-06-04T14:36:35","guid":{"rendered":"https:\/\/www.egemtv.com\/?p=33099"},"modified":"2025-06-04T17:36:39","modified_gmt":"2025-06-04T14:36:39","slug":"didimde-bayram-denetimi","status":"publish","type":"post","link":"https:\/\/www.egemtv.com\/?p=33099","title":{"rendered":"Didim\u2019de \u2019bayram\u2019 denetimi"},"content":{"rendered":"<p>Ayd\u0131n\u2019\u0131n Didim il\u00e7esinde Kurban Bayram\u0131 sebebiyle il\u00e7e tar\u0131m ekiplerince tatl\u0131c\u0131larda denetim ger\u00e7ekle\u015ftirildi.<\/p>\n<p>Kurban Bayram\u0131\u2019na say\u0131l\u0131 g\u00fcnler kala vatanda\u015flar da bayram haz\u0131rl\u0131klar\u0131na ba\u015flad\u0131. Her y\u0131l oldu\u011fu gibi bu y\u0131l da tatl\u0131c\u0131lar ba\u015fta olmak \u00fczere bir\u00e7ok g\u0131da i\u015fletmesinde yo\u011funluk ya\u015fan\u0131rken Ayd\u0131n \u0130l Tar\u0131m ve Orman M\u00fcd\u00fcrl\u00fc\u011f\u00fc koordinesinde y\u0131l boyu ger\u00e7ekle\u015ftirilen g\u0131da denetimleri de Kurban Bayram\u0131 \u00f6ncesinde s\u0131kla\u015ft\u0131r\u0131ld\u0131. Bu \u00e7er\u00e7evede Didim \u0130l\u00e7e Tar\u0131m ve Orman M\u00fcd\u00fcrl\u00fc\u011f\u00fc ekipleri, Kurban Bayram\u0131 \u00f6ncesinde vatanda\u015flar\u0131n g\u00fcvenli g\u0131da t\u00fcketebilmesi i\u00e7in tatl\u0131 ve \u015fekerli mamul sat\u0131\u015f\u0131 ve \u00fcretimi yapan g\u0131da i\u015fletmelerinde denetim ger\u00e7ekle\u015ftirdi. Konu ile ilgili Didim \u0130l\u00e7e Tar\u0131m ve Orman M\u00fcd\u00fcrl\u00fc\u011f\u00fc\u2019nden yap\u0131lan a\u00e7\u0131klamada &#8220;Kurban Bayram\u0131 nedeniyle t\u00fcketimi artacak olan, tatl\u0131, \u015feker ve \u015fekerli mamullerin \u00fcretim ve sat\u0131\u015f yerleri ile kasaplarda denetimler yap\u0131lm\u0131\u015f i\u015fletmeciler G\u0131da mevzuat\u0131 hakk\u0131nda bilgilendirilmi\u015ftir. Didim Kaymakaml\u0131\u011f\u0131m\u0131z taraf\u0131ndan olu\u015fturulan komisyonumuz ile yapt\u0131\u011f\u0131m\u0131z otel denetimlerimiz de sezon boyu devam edecektir&#8221; ifadeleri yer ald\u0131.<br \/><\/p>\n","protected":false},"excerpt":{"rendered":"<p>Ayd\u0131n\u2019\u0131n Didim il\u00e7esinde Kurban Bayram\u0131 sebebiyle il\u00e7e tar\u0131m ekiplerince tatl\u0131c\u0131larda denetim ger\u00e7ekle\u015ftirildi. Kurban Bayram\u0131\u2019na say\u0131l\u0131 g\u00fcnler kala vatanda\u015flar da bayram haz\u0131rl\u0131klar\u0131na ba\u015flad\u0131. Her y\u0131l oldu\u011fu gibi bu y\u0131l da tatl\u0131c\u0131lar ba\u015fta olmak \u00fczere bir\u00e7ok g\u0131da i\u015fletmesinde yo\u011funluk ya\u015fan\u0131rken Ayd\u0131n \u0130l Tar\u0131m ve Orman M\u00fcd\u00fcrl\u00fc\u011f\u00fc koordinesinde y\u0131l boyu ger\u00e7ekle\u015ftirilen g\u0131da denetimleri de Kurban Bayram\u0131 \u00f6ncesinde s\u0131kla\u015ft\u0131r\u0131ld\u0131&#8230;.<\/p>\n","protected":false},"author":1,"featured_media":33100,"comment_status":"open","ping_status":"open","sticky":false,"template":"","format":"standard","meta":{"_crdt_document":"","footnotes":""},"categories":[1],"tags":[],"class_list":["post-33099","post","type-post","status-publish","format-standard","has-post-thumbnail","hentry","category-guncel"],"_links":{"self":[{"href":"https:\/\/www.egemtv.com\/index.php?rest_route=\/wp\/v2\/posts\/33099","targetHints":{"allow":["GET"]}}],"collection":[{"href":"https:\/\/www.egemtv.com\/index.php?rest_route=\/wp\/v2\/posts"}],"about":[{"href":"https:\/\/www.egemtv.com\/index.php?rest_route=\/wp\/v2\/types\/post"}],"author":[{"embeddable":true,"href":"https:\/\/www.egemtv.com\/index.php?rest_route=\/wp\/v2\/users\/1"}],"replies":[{"embeddable":true,"href":"https:\/\/www.egemtv.com\/index.php?rest_route=%2Fwp%2Fv2%2Fcomments&post=33099"}],"version-history":[{"count":1,"href":"https:\/\/www.egemtv.com\/index.php?rest_route=\/wp\/v2\/posts\/33099\/revisions"}],"predecessor-version":[{"id":33101,"href":"https:\/\/www.egemtv.com\/index.php?rest_route=\/wp\/v2\/posts\/33099\/revisions\/33101"}],"wp:featuredmedia":[{"embeddable":true,"href":"https:\/\/www.egemtv.com\/index.php?rest_route=\/wp\/v2\/media\/33100"}],"wp:attachment":[{"href":"https:\/\/www.egemtv.com\/index.php?rest_route=%2Fwp%2Fv2%2Fmedia&parent=33099"}],"wp:term":[{"taxonomy":"category","embeddable":true,"href":"https:\/\/www.egemtv.com\/index.php?rest_route=%2Fwp%2Fv2%2Fcategories&post=33099"},{"taxonomy":"post_tag","embeddable":true,"href":"https:\/\/www.egemtv.com\/index.php?rest_route=%2Fwp%2Fv2%2Ftags&post=33099"}],"curies":[{"name":"wp","href":"https:\/\/api.w.org\/{rel}","templated":true}]}}