{"id":33096,"date":"2025-06-04T16:56:23","date_gmt":"2025-06-04T13:56:23","guid":{"rendered":"https:\/\/www.egemtv.com\/?p=33096"},"modified":"2025-06-04T16:56:30","modified_gmt":"2025-06-04T13:56:30","slug":"marmaris-bayrama-hazir-guvenlik-onlemleri-en-ust-seviyede","status":"publish","type":"post","link":"https:\/\/www.egemtv.com\/?p=33096","title":{"rendered":"Marmaris bayrama haz\u0131r: G\u00fcvenlik \u00f6nlemleri en \u00fcst seviyede"},"content":{"rendered":"<p>Mu\u011fla\u2019n\u0131n Marmaris il\u00e7esinde yap\u0131lan toplant\u0131da Kurban Bayram\u0131 s\u00fcresince ele al\u0131nacak tedbirler g\u00f6r\u00fc\u015f\u00fcld\u00fc.<\/p>\n<p>Marmaris Kaymakam\u0131 Nurullah Kaya, kaymakaml\u0131k binas\u0131nda yap\u0131lan g\u00fcvenlik ve asayi\u015f toplant\u0131s\u0131na Marmaris \u0130l\u00e7e M\u00fcd\u00fcr\u00fc Samed Seyhan, Marmaris \u0130l\u00e7e Jandarma  Komutanl\u0131\u011f\u0131 ad\u0131na merkez karakol komutan\u0131  Jandarma \u00dcstTe\u011fmen Fehmi Kral, G\u00fcney Ege Sahil G\u00fcvenlik komutanl\u0131\u011f\u0131 ad\u0131na TCSG 310 bot komutan\u0131 \u00dcste\u011fmen \u00c7a\u011fr\u0131 \u00c7anak\u00e7i, kat\u0131l\u0131m sa\u011flayarak il\u00e7ede al\u0131nan g\u00fcvenlik \u00f6nlemleri ve tedbirler hakk\u0131nda bilgi verdi.<\/p>\n<p>D\u00fcnyan\u0131n  ve \u00fclkemizin g\u00f6zde turizm kentlerinden olan Marmaris\u2019te hem yaz sezonun ba\u015flamas\u0131 hem de 4 g\u00fcnl\u00fck bayram tatilinin \u00f6ncesi il\u00e7edeki g\u00fcvenlik \u00f6nlemleri hem karada hem de denizde al\u0131nan g\u00fcvenlik tedbirleri planlamas\u0131 yap\u0131ld\u0131.<\/p>\n<p>Marmaris Kaymakam\u0131 Nurullah Kaya, kolluk kuvvetleri amirleriyle birlikte asayi\u015f toplant\u0131s\u0131 ger\u00e7ekle\u015ftirdiklerini belirterek, &#8220;Planlamalar\u0131m\u0131z\u0131 yeniden g\u00f6zden ge\u00e7irdik. 496 kolluk personeli, 38 devriye ekibi ve 12 Sahil G\u00fcvenlik botuyla g\u00f6revimizin ba\u015f\u0131nday\u0131z&#8221; diyerek, Marmaris\u2019in huzurlu ve g\u00fcvenli bir \u015fehir oldu\u011funu vurgulayarak, bayram s\u00fcresince bu g\u00fcvenli ortam\u0131 s\u00fcrd\u00fcrmekte kararl\u0131 olduklar\u0131n\u0131 ifade etti.<\/p>\n<p>&#8220;Trafik ve deniz g\u00fcvenli\u011fine \u00f6zel denetim&#8221;<br \/>\n<br \/>Bayram tatilinde yo\u011funluk ya\u015fanaca\u011f\u0131 \u00f6ng\u00f6r\u00fclen karayollar\u0131nda, \u015fehir giri\u015finden itibaren kontrol noktalar\u0131  ve il\u00e7e genelinde, Drone destekli trafik denetimleri, devriye ara\u00e7lar\u0131 ve mobil ekiplerle karayolu g\u00fcvenli\u011fi sa\u011flanaca\u011f\u0131 belirtilirken deniz trafi\u011fine de dikkat \u00e7eken Kaymakam Kaya, &#8220;Sahil G\u00fcvenlik ekiplerimiz, Marmaris\u2019in t\u00fcm koylar\u0131nda g\u00f6revde olacak. Deniz g\u00fcvenli\u011fi a\u00e7\u0131s\u0131ndan da gerekli t\u00fcm tedbirler al\u0131nd\u0131&#8221; dedi.<\/p>\n<p>Kaymakam Kaya \u2018Orman yang\u0131nlar\u0131na kar\u015f\u0131 duyarl\u0131 olal\u0131m\u2019<br \/>\n<br \/>Yang\u0131n sezonuna girilmesiyle birlikte, Orman \u0130\u015fletme M\u00fcd\u00fcrl\u00fc\u011f\u00fc, kolluk kuvvetleri ve Milli Park yetkilileri de sahada g\u00f6rev yapacak. \u00d6zellikle ate\u015f yak\u0131lmas\u0131 ve mangal gibi faaliyetler konusunda vatanda\u015flara uyar\u0131da bulunan Kaymakam Kaya, &#8220;Geri d\u00f6n\u00fc\u015f\u00fc olmayan hatalardan ka\u00e7\u0131nmak i\u00e7in herkesin duyarl\u0131 davranmas\u0131n\u0131 bekliyoruz&#8221; ifadelerini kulland\u0131.<\/p>\n<p>Vatanda\u015flar\u0131n ve misafirlerin, kar\u015f\u0131la\u015ft\u0131klar\u0131 herhangi bir sorunda do\u011frudan m\u00fcdahale etmek yerine 112 Acil \u00c7a\u011fr\u0131 Merkezi\u2019ni aramalar\u0131n\u0131 ifade eden Marmaris Kaymakam\u0131 Nurullah Kaya, e\u011flence mekanlar\u0131, k\u0131rsal alanlar ve turistik b\u00f6lgelerdeki t\u00fcm haz\u0131rl\u0131klar\u0131n tamamland\u0131\u011f\u0131 belirterek, &#8220;T\u00fcm vatanda\u015flar\u0131m\u0131z ve misafirlerimiz, al\u0131nan bu tedbirleri sahada a\u00e7\u0131k bir \u015fekilde g\u00f6recek&#8221; dedi.<br \/><\/p>\n","protected":false},"excerpt":{"rendered":"<p>Mu\u011fla\u2019n\u0131n Marmaris il\u00e7esinde yap\u0131lan toplant\u0131da Kurban Bayram\u0131 s\u00fcresince ele al\u0131nacak tedbirler g\u00f6r\u00fc\u015f\u00fcld\u00fc. Marmaris Kaymakam\u0131 Nurullah Kaya, kaymakaml\u0131k binas\u0131nda yap\u0131lan g\u00fcvenlik ve asayi\u015f toplant\u0131s\u0131na Marmaris \u0130l\u00e7e M\u00fcd\u00fcr\u00fc Samed Seyhan, Marmaris \u0130l\u00e7e Jandarma Komutanl\u0131\u011f\u0131 ad\u0131na merkez karakol komutan\u0131 Jandarma \u00dcstTe\u011fmen Fehmi Kral, G\u00fcney Ege Sahil G\u00fcvenlik komutanl\u0131\u011f\u0131 ad\u0131na TCSG 310 bot komutan\u0131 \u00dcste\u011fmen \u00c7a\u011fr\u0131 \u00c7anak\u00e7i, kat\u0131l\u0131m sa\u011flayarak&#8230;<\/p>\n","protected":false},"author":1,"featured_media":33097,"comment_status":"open","ping_status":"open","sticky":false,"template":"","format":"standard","meta":{"_crdt_document":"","footnotes":""},"categories":[5],"tags":[],"class_list":["post-33096","post","type-post","status-publish","format-standard","has-post-thumbnail","hentry","category-asayis"],"_links":{"self":[{"href":"https:\/\/www.egemtv.com\/index.php?rest_route=\/wp\/v2\/posts\/33096","targetHints":{"allow":["GET"]}}],"collection":[{"href":"https:\/\/www.egemtv.com\/index.php?rest_route=\/wp\/v2\/posts"}],"about":[{"href":"https:\/\/www.egemtv.com\/index.php?rest_route=\/wp\/v2\/types\/post"}],"author":[{"embeddable":true,"href":"https:\/\/www.egemtv.com\/index.php?rest_route=\/wp\/v2\/users\/1"}],"replies":[{"embeddable":true,"href":"https:\/\/www.egemtv.com\/index.php?rest_route=%2Fwp%2Fv2%2Fcomments&post=33096"}],"version-history":[{"count":1,"href":"https:\/\/www.egemtv.com\/index.php?rest_route=\/wp\/v2\/posts\/33096\/revisions"}],"predecessor-version":[{"id":33098,"href":"https:\/\/www.egemtv.com\/index.php?rest_route=\/wp\/v2\/posts\/33096\/revisions\/33098"}],"wp:featuredmedia":[{"embeddable":true,"href":"https:\/\/www.egemtv.com\/index.php?rest_route=\/wp\/v2\/media\/33097"}],"wp:attachment":[{"href":"https:\/\/www.egemtv.com\/index.php?rest_route=%2Fwp%2Fv2%2Fmedia&parent=33096"}],"wp:term":[{"taxonomy":"category","embeddable":true,"href":"https:\/\/www.egemtv.com\/index.php?rest_route=%2Fwp%2Fv2%2Fcategories&post=33096"},{"taxonomy":"post_tag","embeddable":true,"href":"https:\/\/www.egemtv.com\/index.php?rest_route=%2Fwp%2Fv2%2Ftags&post=33096"}],"curies":[{"name":"wp","href":"https:\/\/api.w.org\/{rel}","templated":true}]}}