{"id":33093,"date":"2025-06-04T16:56:16","date_gmt":"2025-06-04T13:56:16","guid":{"rendered":"https:\/\/www.egemtv.com\/?p=33093"},"modified":"2025-06-04T16:56:23","modified_gmt":"2025-06-04T13:56:23","slug":"sarigolde-kurbanlik-giris-ve-cikislarina-siki-denetim","status":"publish","type":"post","link":"https:\/\/www.egemtv.com\/?p=33093","title":{"rendered":"Sar\u0131g\u00f6l\u2019de kurbanl\u0131k giri\u015f ve \u00e7\u0131k\u0131\u015flar\u0131na s\u0131k\u0131 denetim"},"content":{"rendered":"<p>Manisa\u2019n\u0131n Sar\u0131g\u00f6l il\u00e7esinde, yakla\u015fan Kurban Bayram\u0131 nedeniyle hayvan sa\u011fl\u0131\u011f\u0131 denetimleri s\u0131k\u0131la\u015ft\u0131r\u0131ld\u0131. Sar\u0131g\u00f6l \u0130l\u00e7e Tar\u0131m ve Orman M\u00fcd\u00fcrl\u00fc\u011f\u00fc Hayvan Sa\u011fl\u0131\u011f\u0131 Birimi ekipleri, kurbanl\u0131k hayvan giri\u015f ve \u00e7\u0131k\u0131\u015flar\u0131n\u0131 titizlikle kontrol ediyor.<br \/>\n<br \/>Sar\u0131g\u00f6l \u0130l\u00e7e Tar\u0131m ve Orman M\u00fcd\u00fcr\u00fc Ahmet Akar, yap\u0131lan denetimlerle ilgili bilgi verdi. Akar, &#8220;\u0130l\u00e7e M\u00fcd\u00fcrl\u00fc\u011f\u00fcm\u00fcz Hayvan Sa\u011fl\u0131\u011f\u0131 Birimi taraf\u0131ndan yakla\u015fan Kurban Bayram\u0131 nedeniyle il\u00e7emizde canl\u0131 hayvan ve hayvansal \u00fcr\u00fcn ta\u015f\u0131yan ara\u00e7lara y\u00f6nelik yol denetimleri s\u0131kla\u015ft\u0131r\u0131lm\u0131\u015ft\u0131r. Yol denetimleri s\u0131ras\u0131nda belgesiz hayvan hareketlerine kesinlikle izin verilmemektedir. Sevk edilen hayvanlar\u0131n sa\u011fl\u0131kl\u0131 olmas\u0131, kulaklar\u0131n\u0131n k\u00fcpeli olmas\u0131 ve evraklar\u0131n\u0131n eksiksiz bulunmas\u0131na \u00f6zellikle dikkat edilmektedir.&#8221; dedi.<br \/>\n<br \/>Denetimlerin bayram boyunca s\u00fcrece\u011fini belirten ekipler, vatanda\u015flardan da kurbanl\u0131k hayvan al\u0131rken sa\u011fl\u0131k ve belgeler konusunda dikkatli olmalar\u0131n\u0131 istedi.<br \/><\/p>\n","protected":false},"excerpt":{"rendered":"<p>Manisa\u2019n\u0131n Sar\u0131g\u00f6l il\u00e7esinde, yakla\u015fan Kurban Bayram\u0131 nedeniyle hayvan sa\u011fl\u0131\u011f\u0131 denetimleri s\u0131k\u0131la\u015ft\u0131r\u0131ld\u0131. Sar\u0131g\u00f6l \u0130l\u00e7e Tar\u0131m ve Orman M\u00fcd\u00fcrl\u00fc\u011f\u00fc Hayvan Sa\u011fl\u0131\u011f\u0131 Birimi ekipleri, kurbanl\u0131k hayvan giri\u015f ve \u00e7\u0131k\u0131\u015flar\u0131n\u0131 titizlikle kontrol ediyor. Sar\u0131g\u00f6l \u0130l\u00e7e Tar\u0131m ve Orman M\u00fcd\u00fcr\u00fc Ahmet Akar, yap\u0131lan denetimlerle ilgili bilgi verdi. Akar, &#8220;\u0130l\u00e7e M\u00fcd\u00fcrl\u00fc\u011f\u00fcm\u00fcz Hayvan Sa\u011fl\u0131\u011f\u0131 Birimi taraf\u0131ndan yakla\u015fan Kurban Bayram\u0131 nedeniyle il\u00e7emizde canl\u0131&#8230;<\/p>\n","protected":false},"author":1,"featured_media":33094,"comment_status":"open","ping_status":"open","sticky":false,"template":"","format":"standard","meta":{"_crdt_document":"","footnotes":""},"categories":[125],"tags":[],"class_list":["post-33093","post","type-post","status-publish","format-standard","has-post-thumbnail","hentry","category-ekonomi"],"_links":{"self":[{"href":"https:\/\/www.egemtv.com\/index.php?rest_route=\/wp\/v2\/posts\/33093","targetHints":{"allow":["GET"]}}],"collection":[{"href":"https:\/\/www.egemtv.com\/index.php?rest_route=\/wp\/v2\/posts"}],"about":[{"href":"https:\/\/www.egemtv.com\/index.php?rest_route=\/wp\/v2\/types\/post"}],"author":[{"embeddable":true,"href":"https:\/\/www.egemtv.com\/index.php?rest_route=\/wp\/v2\/users\/1"}],"replies":[{"embeddable":true,"href":"https:\/\/www.egemtv.com\/index.php?rest_route=%2Fwp%2Fv2%2Fcomments&post=33093"}],"version-history":[{"count":1,"href":"https:\/\/www.egemtv.com\/index.php?rest_route=\/wp\/v2\/posts\/33093\/revisions"}],"predecessor-version":[{"id":33095,"href":"https:\/\/www.egemtv.com\/index.php?rest_route=\/wp\/v2\/posts\/33093\/revisions\/33095"}],"wp:featuredmedia":[{"embeddable":true,"href":"https:\/\/www.egemtv.com\/index.php?rest_route=\/wp\/v2\/media\/33094"}],"wp:attachment":[{"href":"https:\/\/www.egemtv.com\/index.php?rest_route=%2Fwp%2Fv2%2Fmedia&parent=33093"}],"wp:term":[{"taxonomy":"category","embeddable":true,"href":"https:\/\/www.egemtv.com\/index.php?rest_route=%2Fwp%2Fv2%2Fcategories&post=33093"},{"taxonomy":"post_tag","embeddable":true,"href":"https:\/\/www.egemtv.com\/index.php?rest_route=%2Fwp%2Fv2%2Ftags&post=33093"}],"curies":[{"name":"wp","href":"https:\/\/api.w.org\/{rel}","templated":true}]}}