{"id":33090,"date":"2025-06-04T16:56:08","date_gmt":"2025-06-04T13:56:08","guid":{"rendered":"https:\/\/www.egemtv.com\/?p=33090"},"modified":"2025-06-04T16:56:16","modified_gmt":"2025-06-04T13:56:16","slug":"demircili-ciftcilere-40-bin-ucretsiz-sebze-fidesi-dagitildi","status":"publish","type":"post","link":"https:\/\/www.egemtv.com\/?p=33090","title":{"rendered":"Demircili \u00e7ift\u00e7ilere 40 bin \u00fccretsiz sebze fidesi da\u011f\u0131t\u0131ld\u0131"},"content":{"rendered":"<p>Manisa\u2019n\u0131n Demirci \u0130l\u00e7e Tar\u0131m ve Orman M\u00fcd\u00fcrl\u00fc\u011f\u00fcnce \u00e7ift\u00e7ilere 40 bin adet \u00fccretsiz sebze fidesi da\u011f\u0131t\u0131m\u0131 yap\u0131ld\u0131.<br \/>\n<br \/>Manisa\u2019n\u0131n Demirci \u0130l\u00e7e Tar\u0131m ve Orman M\u00fcd\u00fcrl\u00fc\u011f\u00fc taraf\u0131ndan Menemen Tar\u0131msal Ara\u015ft\u0131rma Enstit\u00fcs\u00fcnden temin edilen 40 bin adet domates, biber ve patl\u0131can fidesi \u00e7ift\u00e7ilere da\u011f\u0131t\u0131ld\u0131. \u00c7ift\u00e7ilerin yo\u011fun bir ilgi g\u00f6sterdi\u011fi fide da\u011f\u0131t\u0131m program\u0131nda Belediye Ba\u015fkan\u0131 Erkan Kara ve \u0130l\u00e7e Tar\u0131m ve Orman M\u00fcd\u00fcr\u00fc Faruk \u015eenyurt kat\u0131larak \u00e7ift\u00e7ilere paket halindeki fideleri teslim ettiler.<br \/>\n<br \/>Belediye Ba\u015fkan\u0131 Erkan Kara, \u00e7ift\u00e7ilere yaz sezonunda bol ve bereketli mahsul \u00fcretimi olmas\u0131 temennisinde bulundu.<br \/>\n<br \/>\u0130l\u00e7e Tar\u0131m ve Orman M\u00fcd\u00fcr\u00fc Faruk \u015eenyurt, &#8220;Tar\u0131m Arazilerinin Kullan\u0131m\u0131n\u0131n Etkinle\u015ftirilmesi (TAKE) projesi kapsam\u0131nda il\u00e7emizde \u00e7ift\u00e7ilere y\u00f6nelik 40 bin adet domates, biber ve patl\u0131can fidesi da\u011f\u0131t\u0131m\u0131 yapt\u0131k. \u00c7ift\u00e7ilerimizin havalar\u0131n \u0131s\u0131nmas\u0131 ile fideleri toprakla bulu\u015fturacak. Tar\u0131m ve Orman Bakanl\u0131\u011f\u0131m\u0131z taraf\u0131ndan bu y\u0131l il\u00e7emizde \u00e7ift\u00e7i ve \u00fcreticimize y\u00f6nelik 10 ton nohut, 1 ton susam ve 31 torba ay\u00e7i\u00e7e\u011fi da\u011f\u0131t\u0131m\u0131 yapt\u0131k. Kurumumuz olarak ziraat m\u00fchendislerimiz taraf\u0131ndan \u00e7ift\u00e7ilerimize \u00fcretim a\u015famas\u0131nda da tarlalar\u0131nda destek vermeyi s\u00fcrd\u00fcr\u00fcyoruz&#8221; dedi.<br \/><\/p>\n","protected":false},"excerpt":{"rendered":"<p>Manisa\u2019n\u0131n Demirci \u0130l\u00e7e Tar\u0131m ve Orman M\u00fcd\u00fcrl\u00fc\u011f\u00fcnce \u00e7ift\u00e7ilere 40 bin adet \u00fccretsiz sebze fidesi da\u011f\u0131t\u0131m\u0131 yap\u0131ld\u0131. Manisa\u2019n\u0131n Demirci \u0130l\u00e7e Tar\u0131m ve Orman M\u00fcd\u00fcrl\u00fc\u011f\u00fc taraf\u0131ndan Menemen Tar\u0131msal Ara\u015ft\u0131rma Enstit\u00fcs\u00fcnden temin edilen 40 bin adet domates, biber ve patl\u0131can fidesi \u00e7ift\u00e7ilere da\u011f\u0131t\u0131ld\u0131. \u00c7ift\u00e7ilerin yo\u011fun bir ilgi g\u00f6sterdi\u011fi fide da\u011f\u0131t\u0131m program\u0131nda Belediye Ba\u015fkan\u0131 Erkan Kara ve \u0130l\u00e7e Tar\u0131m&#8230;<\/p>\n","protected":false},"author":1,"featured_media":33091,"comment_status":"open","ping_status":"open","sticky":false,"template":"","format":"standard","meta":{"_crdt_document":"","footnotes":""},"categories":[125],"tags":[],"class_list":["post-33090","post","type-post","status-publish","format-standard","has-post-thumbnail","hentry","category-ekonomi"],"_links":{"self":[{"href":"https:\/\/www.egemtv.com\/index.php?rest_route=\/wp\/v2\/posts\/33090","targetHints":{"allow":["GET"]}}],"collection":[{"href":"https:\/\/www.egemtv.com\/index.php?rest_route=\/wp\/v2\/posts"}],"about":[{"href":"https:\/\/www.egemtv.com\/index.php?rest_route=\/wp\/v2\/types\/post"}],"author":[{"embeddable":true,"href":"https:\/\/www.egemtv.com\/index.php?rest_route=\/wp\/v2\/users\/1"}],"replies":[{"embeddable":true,"href":"https:\/\/www.egemtv.com\/index.php?rest_route=%2Fwp%2Fv2%2Fcomments&post=33090"}],"version-history":[{"count":1,"href":"https:\/\/www.egemtv.com\/index.php?rest_route=\/wp\/v2\/posts\/33090\/revisions"}],"predecessor-version":[{"id":33092,"href":"https:\/\/www.egemtv.com\/index.php?rest_route=\/wp\/v2\/posts\/33090\/revisions\/33092"}],"wp:featuredmedia":[{"embeddable":true,"href":"https:\/\/www.egemtv.com\/index.php?rest_route=\/wp\/v2\/media\/33091"}],"wp:attachment":[{"href":"https:\/\/www.egemtv.com\/index.php?rest_route=%2Fwp%2Fv2%2Fmedia&parent=33090"}],"wp:term":[{"taxonomy":"category","embeddable":true,"href":"https:\/\/www.egemtv.com\/index.php?rest_route=%2Fwp%2Fv2%2Fcategories&post=33090"},{"taxonomy":"post_tag","embeddable":true,"href":"https:\/\/www.egemtv.com\/index.php?rest_route=%2Fwp%2Fv2%2Ftags&post=33090"}],"curies":[{"name":"wp","href":"https:\/\/api.w.org\/{rel}","templated":true}]}}