{"id":33087,"date":"2025-06-04T16:56:02","date_gmt":"2025-06-04T13:56:02","guid":{"rendered":"https:\/\/www.egemtv.com\/?p=33087"},"modified":"2025-06-04T16:56:08","modified_gmt":"2025-06-04T13:56:08","slug":"deniz-dibi-temizligi-suruyor","status":"publish","type":"post","link":"https:\/\/www.egemtv.com\/?p=33087","title":{"rendered":"Deniz dibi temizli\u011fi s\u00fcr\u00fcyor"},"content":{"rendered":"<p>Bodrum Belediyesi\u2019nin &#8220;Denize En \u00c7ok Mavi Yak\u0131\u015f\u0131r&#8221; slogan\u0131yla on bir y\u0131ld\u0131r aral\u0131ks\u0131z s\u00fcrd\u00fcrd\u00fc\u011f\u00fc geleneksel Deniz Dibi Temizli\u011finin bu y\u0131lki d\u00f6rd\u00fcnc\u00fc etab\u0131, Yah\u015fi sahilinde ger\u00e7ekle\u015ftirildi.<\/p>\n<p>Bodrum\u2019un do\u011fal g\u00fczellikleriyle \u00f6ne \u00e7\u0131kan koylar\u0131nda her y\u0131l d\u00fczenli olarak ger\u00e7ekle\u015ftirilen Deniz Dibi Temizli\u011fi, \u00e7evre bilincini art\u0131rmak ve denizlerin korunmas\u0131na dikkat \u00e7ekmek amac\u0131yla hayata ge\u00e7iriliyor. Bodrum Belediyesi Destek Hizmetleri ve Temizlik \u0130\u015fleri M\u00fcd\u00fcrl\u00fc\u011f\u00fc organizasyonuyla g\u00f6n\u00fcll\u00fc dal\u0131\u015f ekibi taraf\u0131ndan 5 Haziran D\u00fcnya \u00c7evre G\u00fcn\u00fc\u2019n\u00fcn hemen \u00f6ncesinde ger\u00e7ekle\u015ftirilen etkinli\u011fe, Bodrum Belediye Ba\u015fkan\u0131 Tamer Mandalinci\u2019yi temsilen Ba\u015fkan Yard\u0131mc\u0131s\u0131 Kanat Hasan \u00d6zsert, Belediye Genel Koordinat\u00f6r\u00fc ve Meclis \u00dcyesi Niyazi Atare, Meclis \u00dcyesi Halil Eser, ilgili birim m\u00fcd\u00fcrleri ve Yah\u015fi Mahalle Muhtar\u0131 Hasan Karao\u011flan kat\u0131ld\u0131.<\/p>\n<p>Belediye \u00e7al\u0131\u015fanlar\u0131ndan olu\u015fan g\u00f6n\u00fcll\u00fc dal\u0131\u015f ekibinin \u00f6zverili \u00e7al\u0131\u015fmalar\u0131 sonucunda denizden \u00e7\u0131kar\u0131lan toplam 241 kilogram at\u0131k, fark\u0131ndal\u0131k amac\u0131yla Yah\u015fi sahilinde sergilendi. \u00c7\u0131kar\u0131lan at\u0131klar, geri d\u00f6n\u00fc\u015f\u00fcm i\u015flemleri i\u00e7in Konac\u0131k Mahallesi\u2019nde bulunan 1. S\u0131n\u0131f At\u0131k Merkezi\u2019ne nakledildi.<\/p>\n<p>Bodrum Belediyesi Ba\u015fkan Yard\u0131mc\u0131s\u0131 Kanat Hasan \u00d6zsert, ger\u00e7ekle\u015ftirilen temizlik \u00e7al\u0131\u015fmalar\u0131 ile ilgili \u015funlar\u0131 s\u00f6yledi:<br \/>\n<br \/>&#8220;Bodrum genelinde ba\u015flatm\u0131\u015f oldu\u011fumuz \u2018Denize En \u00c7ok Mavi Yak\u0131\u015f\u0131r\u2019 slogan\u0131yla yola \u00e7\u0131kt\u0131\u011f\u0131m\u0131z deniz dibi temizli\u011finin d\u00f6rd\u00fcnc\u00fcs\u00fcn\u00fc bug\u00fcn Yah\u015fi Mahallemizde ger\u00e7ekle\u015ftirdik. G\u00fcn ge\u00e7tik\u00e7e denizden \u00e7\u0131kan at\u0131klar azalmakta. Bu da vatanda\u015flar\u0131m\u0131z\u0131n bu konuya hassasiyet g\u00f6sterdi\u011fini, dikkat etti\u011fini g\u00f6steriyor. Bug\u00fcn burada \u00e7al\u0131\u015fan, denize giren emek\u00e7ilerimize te\u015fekk\u00fcr ederim&#8221;<\/p>\n<p>Deniz Dibi Temizli\u011fi, 11 Haziran \u00c7ar\u015famba g\u00fcn\u00fc Akyarlar sahilinde devam edecek.<br \/><\/p>\n","protected":false},"excerpt":{"rendered":"<p>Bodrum Belediyesi\u2019nin &#8220;Denize En \u00c7ok Mavi Yak\u0131\u015f\u0131r&#8221; slogan\u0131yla on bir y\u0131ld\u0131r aral\u0131ks\u0131z s\u00fcrd\u00fcrd\u00fc\u011f\u00fc geleneksel Deniz Dibi Temizli\u011finin bu y\u0131lki d\u00f6rd\u00fcnc\u00fc etab\u0131, Yah\u015fi sahilinde ger\u00e7ekle\u015ftirildi. Bodrum\u2019un do\u011fal g\u00fczellikleriyle \u00f6ne \u00e7\u0131kan koylar\u0131nda her y\u0131l d\u00fczenli olarak ger\u00e7ekle\u015ftirilen Deniz Dibi Temizli\u011fi, \u00e7evre bilincini art\u0131rmak ve denizlerin korunmas\u0131na dikkat \u00e7ekmek amac\u0131yla hayata ge\u00e7iriliyor. Bodrum Belediyesi Destek Hizmetleri ve Temizlik&#8230;<\/p>\n","protected":false},"author":1,"featured_media":33088,"comment_status":"open","ping_status":"open","sticky":false,"template":"","format":"standard","meta":{"_crdt_document":"","footnotes":""},"categories":[1],"tags":[],"class_list":["post-33087","post","type-post","status-publish","format-standard","has-post-thumbnail","hentry","category-guncel"],"_links":{"self":[{"href":"https:\/\/www.egemtv.com\/index.php?rest_route=\/wp\/v2\/posts\/33087","targetHints":{"allow":["GET"]}}],"collection":[{"href":"https:\/\/www.egemtv.com\/index.php?rest_route=\/wp\/v2\/posts"}],"about":[{"href":"https:\/\/www.egemtv.com\/index.php?rest_route=\/wp\/v2\/types\/post"}],"author":[{"embeddable":true,"href":"https:\/\/www.egemtv.com\/index.php?rest_route=\/wp\/v2\/users\/1"}],"replies":[{"embeddable":true,"href":"https:\/\/www.egemtv.com\/index.php?rest_route=%2Fwp%2Fv2%2Fcomments&post=33087"}],"version-history":[{"count":1,"href":"https:\/\/www.egemtv.com\/index.php?rest_route=\/wp\/v2\/posts\/33087\/revisions"}],"predecessor-version":[{"id":33089,"href":"https:\/\/www.egemtv.com\/index.php?rest_route=\/wp\/v2\/posts\/33087\/revisions\/33089"}],"wp:featuredmedia":[{"embeddable":true,"href":"https:\/\/www.egemtv.com\/index.php?rest_route=\/wp\/v2\/media\/33088"}],"wp:attachment":[{"href":"https:\/\/www.egemtv.com\/index.php?rest_route=%2Fwp%2Fv2%2Fmedia&parent=33087"}],"wp:term":[{"taxonomy":"category","embeddable":true,"href":"https:\/\/www.egemtv.com\/index.php?rest_route=%2Fwp%2Fv2%2Fcategories&post=33087"},{"taxonomy":"post_tag","embeddable":true,"href":"https:\/\/www.egemtv.com\/index.php?rest_route=%2Fwp%2Fv2%2Ftags&post=33087"}],"curies":[{"name":"wp","href":"https:\/\/api.w.org\/{rel}","templated":true}]}}