{"id":33084,"date":"2025-06-04T16:36:08","date_gmt":"2025-06-04T13:36:08","guid":{"rendered":"https:\/\/www.egemtv.com\/?p=33084"},"modified":"2025-06-04T16:36:14","modified_gmt":"2025-06-04T13:36:14","slug":"sarigol-uzum-baglarinda-sulama-donemi-basladi","status":"publish","type":"post","link":"https:\/\/www.egemtv.com\/?p=33084","title":{"rendered":"Sar\u0131g\u00f6l \u00fcz\u00fcm ba\u011flar\u0131nda sulama d\u00f6nemi ba\u015flad\u0131"},"content":{"rendered":"<p>Manisa\u2019n\u0131n Sar\u0131g\u00f6l ovas\u0131nda, d\u00fcnyaca \u00fcnl\u00fc \u00e7ekirdeksiz sofral\u0131k Sultaniye \u00fcz\u00fcm ba\u011flar\u0131nda sulama d\u00f6nemi ba\u015flad\u0131. S\u0131cakl\u0131klar\u0131n artmas\u0131 ve Kurban Bayram\u0131\u2019n\u0131n yakla\u015fmas\u0131yla birlikte, \u00fcz\u00fcm ba\u011flar\u0131n\u0131n su ihtiyac\u0131n\u0131 kar\u015f\u0131lamak i\u00e7in derin kuyu sondaj pompalar\u0131ndan vah\u015fi ve damlama sulama y\u00f6ntemleriyle sulama yap\u0131l\u0131yor.<br \/>\n<br \/>Ba\u011flarda \u00fcz\u00fcm salk\u0131mlar\u0131n\u0131n \u00e7i\u00e7eklenme d\u00f6neminden \u00e7\u0131k\u0131p tanelerinin dolgunla\u015fmaya ba\u015flamas\u0131, \u00fcreticileri harekete ge\u00e7irdi. Artan s\u0131cakl\u0131klarla birlikte ba\u011flardaki su ihtiyac\u0131n\u0131 kar\u015f\u0131lamak \u00fczere yo\u011fun bir sulama mesaisi ba\u015flad\u0131. Sar\u0131g\u00f6ll\u00fc \u00fcz\u00fcm \u00fcreticisi H\u00fcseyin Karc\u0131, &#8220;Ba\u011flar\u0131m\u0131zdaki \u00fcz\u00fcm salk\u0131mlar\u0131 \u00e7i\u00e7eklenme d\u00f6nemini tamamlad\u0131 ve taneler olgunla\u015fmaya ba\u015flad\u0131. S\u0131cakl\u0131klar\u0131n artmas\u0131yla birlikte ba\u011flar\u0131m\u0131z su istiyor. Bu nedenle derin kuyu sondaj pompalar\u0131m\u0131zdan su \u00e7ekerek sulama yap\u0131yoruz. Ayr\u0131ca Kurban Bayram\u0131\u2019n\u0131n yakla\u015fmas\u0131 da \u00e7al\u0131\u015fmalar\u0131m\u0131za h\u0131z kazand\u0131rd\u0131.&#8221; dedi.<br \/>\n<br \/>Sar\u0131g\u00f6l ovas\u0131nda \u00fcz\u00fcm \u00fcreticileri, ba\u011flar\u0131n\u0131n sa\u011fl\u0131kl\u0131 bir \u015fekilde geli\u015fimini sa\u011flamak ve kaliteli \u00fcr\u00fcn elde etmek i\u00e7in sulama faaliyetlerine devam ediyor.<br \/><\/p>\n","protected":false},"excerpt":{"rendered":"<p>Manisa\u2019n\u0131n Sar\u0131g\u00f6l ovas\u0131nda, d\u00fcnyaca \u00fcnl\u00fc \u00e7ekirdeksiz sofral\u0131k Sultaniye \u00fcz\u00fcm ba\u011flar\u0131nda sulama d\u00f6nemi ba\u015flad\u0131. S\u0131cakl\u0131klar\u0131n artmas\u0131 ve Kurban Bayram\u0131\u2019n\u0131n yakla\u015fmas\u0131yla birlikte, \u00fcz\u00fcm ba\u011flar\u0131n\u0131n su ihtiyac\u0131n\u0131 kar\u015f\u0131lamak i\u00e7in derin kuyu sondaj pompalar\u0131ndan vah\u015fi ve damlama sulama y\u00f6ntemleriyle sulama yap\u0131l\u0131yor. Ba\u011flarda \u00fcz\u00fcm salk\u0131mlar\u0131n\u0131n \u00e7i\u00e7eklenme d\u00f6neminden \u00e7\u0131k\u0131p tanelerinin dolgunla\u015fmaya ba\u015flamas\u0131, \u00fcreticileri harekete ge\u00e7irdi. Artan s\u0131cakl\u0131klarla birlikte ba\u011flardaki su ihtiyac\u0131n\u0131&#8230;<\/p>\n","protected":false},"author":1,"featured_media":33085,"comment_status":"open","ping_status":"open","sticky":false,"template":"","format":"standard","meta":{"_crdt_document":"","footnotes":""},"categories":[125],"tags":[],"class_list":["post-33084","post","type-post","status-publish","format-standard","has-post-thumbnail","hentry","category-ekonomi"],"_links":{"self":[{"href":"https:\/\/www.egemtv.com\/index.php?rest_route=\/wp\/v2\/posts\/33084","targetHints":{"allow":["GET"]}}],"collection":[{"href":"https:\/\/www.egemtv.com\/index.php?rest_route=\/wp\/v2\/posts"}],"about":[{"href":"https:\/\/www.egemtv.com\/index.php?rest_route=\/wp\/v2\/types\/post"}],"author":[{"embeddable":true,"href":"https:\/\/www.egemtv.com\/index.php?rest_route=\/wp\/v2\/users\/1"}],"replies":[{"embeddable":true,"href":"https:\/\/www.egemtv.com\/index.php?rest_route=%2Fwp%2Fv2%2Fcomments&post=33084"}],"version-history":[{"count":1,"href":"https:\/\/www.egemtv.com\/index.php?rest_route=\/wp\/v2\/posts\/33084\/revisions"}],"predecessor-version":[{"id":33086,"href":"https:\/\/www.egemtv.com\/index.php?rest_route=\/wp\/v2\/posts\/33084\/revisions\/33086"}],"wp:featuredmedia":[{"embeddable":true,"href":"https:\/\/www.egemtv.com\/index.php?rest_route=\/wp\/v2\/media\/33085"}],"wp:attachment":[{"href":"https:\/\/www.egemtv.com\/index.php?rest_route=%2Fwp%2Fv2%2Fmedia&parent=33084"}],"wp:term":[{"taxonomy":"category","embeddable":true,"href":"https:\/\/www.egemtv.com\/index.php?rest_route=%2Fwp%2Fv2%2Fcategories&post=33084"},{"taxonomy":"post_tag","embeddable":true,"href":"https:\/\/www.egemtv.com\/index.php?rest_route=%2Fwp%2Fv2%2Ftags&post=33084"}],"curies":[{"name":"wp","href":"https:\/\/api.w.org\/{rel}","templated":true}]}}