{"id":33081,"date":"2025-06-04T16:35:57","date_gmt":"2025-06-04T13:35:57","guid":{"rendered":"https:\/\/www.egemtv.com\/?p=33081"},"modified":"2025-06-04T16:36:08","modified_gmt":"2025-06-04T13:36:08","slug":"oglunun-kalp-masaji-babasina-hayat-verdi","status":"publish","type":"post","link":"https:\/\/www.egemtv.com\/?p=33081","title":{"rendered":"O\u011flunun kalp masaj\u0131 babas\u0131na hayat verdi"},"content":{"rendered":"<p>Manisa\u2019da evinin bah\u00e7esinde aniden fenala\u015farak kalp krizi ge\u00e7iren 72 ya\u015f\u0131ndaki Mehmet Emin Demirel, o\u011flunun zaman\u0131nda yapt\u0131\u011f\u0131 kalp masaj\u0131 ve ard\u0131ndan hastanede uygulanan ba\u015far\u0131l\u0131 m\u00fcdahaleler sayesinde hayata tutundu.<br \/>\n<br \/>Manisa\u2019n\u0131n Soma il\u00e7esinde ailesiyle birlikte ya\u015fayan Mehmet Emin Demirel, kalp krizi ge\u00e7irdi\u011fi s\u0131rada o\u011flunun h\u0131zl\u0131 refleksiyle hayata d\u00f6nd\u00fc. \u0130lk yard\u0131m e\u011fitimi alm\u0131\u015f olan o\u011flu Tahsin Demirel, babas\u0131na 112 ekipleri gelene kadar kalp masaj\u0131 yapt\u0131. 112 sa\u011fl\u0131k ekiplerinin olay yerine h\u0131zl\u0131ca ula\u015fmas\u0131n\u0131n ard\u0131ndan, Mehmet Emin Demirel Manisa \u015eehir Hastanesi\u2019ne sevk edildi.<\/p>\n<p>&#8220;O\u011flunun yapt\u0131\u011f\u0131 do\u011fru m\u00fcdahale hayat kurtar\u0131c\u0131&#8221;<br \/>\n<br \/>Kardiyoloji Uzman\u0131 Uzm. Dr. Halil Ekren, hastan\u0131n geli\u015f s\u00fcreci ve yap\u0131lan m\u00fcdahalelerle ilgili, &#8220;Mehmet Emin Amcam\u0131z, Soma\u2019dan 112 ekipleri taraf\u0131ndan kalp krizine ba\u011fl\u0131 ani kalp durmas\u0131 sonras\u0131 hastanemize acil olarak getirildi. Evde kalp krizi ge\u00e7irdikten sonra ilk m\u00fcdahale o\u011flu taraf\u0131ndan yap\u0131ld\u0131. 112 ekibi h\u0131zla olay yerine ula\u015ft\u0131ktan sonra t\u0131bbi m\u00fcdahaleye devam etti. Yakla\u015f\u0131k 35-40 dakika s\u00fcren bir kalp m\u00fcdahalesinin ard\u0131ndan klini\u011fimize ula\u015ft\u0131\u011f\u0131nda hastam\u0131z\u0131n bilinci kapal\u0131yd\u0131. Solunum cihaz\u0131na ba\u011fl\u0131 olarak acil anjiyografi i\u015flemine al\u0131nd\u0131. Yap\u0131lan incelemelerde iki damar\u0131n\u0131n tamamen t\u0131kal\u0131 oldu\u011funu tespit ettik. Hemen her iki damar\u0131na da stent uyguland\u0131 ve damarlar a\u00e7\u0131ld\u0131. Amcam\u0131z daha sonra bilincine kavu\u015ftu, solunum cihaz\u0131ndan ayr\u0131ld\u0131, iyile\u015fti ve taburcu edildi. Bug\u00fcn de sa\u011fl\u0131kl\u0131 bir \u015fekilde kontrol\u00fcne geldi. Buradaki en \u00f6nemli nokta, hastam\u0131z i\u00e7in evde ailesinin yapt\u0131\u011f\u0131 ilk m\u00fcdahalenin, \u00f6zellikle o\u011flunun yapt\u0131\u011f\u0131 kalp masaj\u0131n\u0131n, hayat kurtar\u0131c\u0131 olmas\u0131d\u0131r. 112 ekibinin h\u0131zla olay yerine ula\u015f\u0131p t\u0131bbi m\u00fcdahaleyi s\u00fcrd\u00fcrmesi, hastam\u0131z\u0131n hayata tutunmas\u0131n\u0131 sa\u011flad\u0131. Bizim klinikte yapt\u0131\u011f\u0131m\u0131z i\u015flemler de elbette \u00e7ok \u00f6nemliydi, ancak en hayati a\u015fama yak\u0131nlar\u0131n\u0131n yapt\u0131\u011f\u0131 ilk yard\u0131m m\u00fcdahalesi ve 112\u2019nin h\u0131zl\u0131 ve etkin m\u00fcdahalesiydi. Bizler ilk yard\u0131m m\u00fcdahalesi konusunda e\u011fitimi olmayan ki\u015filerin m\u00fcdahalede bulunmas\u0131n\u0131 \u00f6nermiyoruz. Bu t\u00fcr durumlarda, ilk yard\u0131m e\u011fitimi alm\u0131\u015f ki\u015filerin ambulans gelene kadar m\u00fcdahale etmesi daha do\u011fru ve g\u00fcvenli olacakt\u0131r.&#8221; bilgilerini verdi.<br \/>\n<br \/>Hasta Mehmet Emin Demirel ise, &#8220;Benim han\u0131m rahats\u0131zd\u0131, o\u011flumla birlikte Soma\u2019ya ge\u00e7ecekti. Biz de kahvalt\u0131m\u0131z\u0131 yapt\u0131k. Sonras\u0131nda k\u00f6pe\u011fe ekmek vermeye gittim, ama ne oldu\u011funu hat\u0131rlam\u0131yorum. Bay\u0131lm\u0131\u015f\u0131m. Sonra beni Manisa\u2019ya getirmi\u015fler, onu da hat\u0131rlam\u0131yorum. \u015eimdi \u00e7ok iyiyim. Sanki d\u00fcnyalar benim oldu.&#8221; diyerek sa\u011fl\u0131k durumunun iyi oldu\u011funu ifade etti.<\/p>\n<p>\u0130lk yard\u0131m e\u011fitimini maden oca\u011f\u0131nda ald\u0131lar<br \/>\n<br \/>O\u011flu Cemal Demirel ise, &#8220;Babam k\u00f6peklere ekmek vermeye gidiyor. O s\u0131rada annemler hastaneden geliyor. Evde \u00e7ay demliyorlar. Sonra babam\u0131n gelmedi\u011fini fark ediyorlar. Bir bak\u0131yorlar, k\u00f6peklerin yan\u0131nda yere d\u00fc\u015fm\u00fc\u015f halde buluyorlar. Aradan 5-10 dakika ge\u00e7mi\u015f, ba\u015f\u0131nda kan var, kan kurumu\u015f. O esnada abim ve e\u015fi 112\u2019yi ararken, abim hemen kalp masaj\u0131na ba\u015fl\u0131yor. Biz \u00fc\u00e7 karde\u015fiz, hepimiz Soma K\u00f6m\u00fcr \u0130\u015fletmelerinden emekliyiz. Orada 6 ayda bir veya ayda bir d\u00fczenli olarak ilk yard\u0131m e\u011fitimi al\u0131yoruz. Bu nedenle ilk yard\u0131m konusunda bilgiliyiz. Abim, babam\u0131n bo\u011faz\u0131na dili ka\u00e7mas\u0131n diye tek eliyle m\u00fcdahale ederken, di\u011fer eliyle de kalp masaj\u0131na devam etmi\u015f. 112 ekibi gelene kadar hi\u00e7 durmadan m\u00fcdahaleye devam etti ve babam\u0131 hayatta tuttu&#8221; dedi.<br \/><\/p>\n","protected":false},"excerpt":{"rendered":"<p>Manisa\u2019da evinin bah\u00e7esinde aniden fenala\u015farak kalp krizi ge\u00e7iren 72 ya\u015f\u0131ndaki Mehmet Emin Demirel, o\u011flunun zaman\u0131nda yapt\u0131\u011f\u0131 kalp masaj\u0131 ve ard\u0131ndan hastanede uygulanan ba\u015far\u0131l\u0131 m\u00fcdahaleler sayesinde hayata tutundu. Manisa\u2019n\u0131n Soma il\u00e7esinde ailesiyle birlikte ya\u015fayan Mehmet Emin Demirel, kalp krizi ge\u00e7irdi\u011fi s\u0131rada o\u011flunun h\u0131zl\u0131 refleksiyle hayata d\u00f6nd\u00fc. \u0130lk yard\u0131m e\u011fitimi alm\u0131\u015f olan o\u011flu Tahsin Demirel, babas\u0131na 112&#8230;<\/p>\n","protected":false},"author":1,"featured_media":33082,"comment_status":"open","ping_status":"open","sticky":false,"template":"","format":"standard","meta":{"_crdt_document":"","footnotes":""},"categories":[2],"tags":[],"class_list":["post-33081","post","type-post","status-publish","format-standard","has-post-thumbnail","hentry","category-saglik"],"_links":{"self":[{"href":"https:\/\/www.egemtv.com\/index.php?rest_route=\/wp\/v2\/posts\/33081","targetHints":{"allow":["GET"]}}],"collection":[{"href":"https:\/\/www.egemtv.com\/index.php?rest_route=\/wp\/v2\/posts"}],"about":[{"href":"https:\/\/www.egemtv.com\/index.php?rest_route=\/wp\/v2\/types\/post"}],"author":[{"embeddable":true,"href":"https:\/\/www.egemtv.com\/index.php?rest_route=\/wp\/v2\/users\/1"}],"replies":[{"embeddable":true,"href":"https:\/\/www.egemtv.com\/index.php?rest_route=%2Fwp%2Fv2%2Fcomments&post=33081"}],"version-history":[{"count":1,"href":"https:\/\/www.egemtv.com\/index.php?rest_route=\/wp\/v2\/posts\/33081\/revisions"}],"predecessor-version":[{"id":33083,"href":"https:\/\/www.egemtv.com\/index.php?rest_route=\/wp\/v2\/posts\/33081\/revisions\/33083"}],"wp:featuredmedia":[{"embeddable":true,"href":"https:\/\/www.egemtv.com\/index.php?rest_route=\/wp\/v2\/media\/33082"}],"wp:attachment":[{"href":"https:\/\/www.egemtv.com\/index.php?rest_route=%2Fwp%2Fv2%2Fmedia&parent=33081"}],"wp:term":[{"taxonomy":"category","embeddable":true,"href":"https:\/\/www.egemtv.com\/index.php?rest_route=%2Fwp%2Fv2%2Fcategories&post=33081"},{"taxonomy":"post_tag","embeddable":true,"href":"https:\/\/www.egemtv.com\/index.php?rest_route=%2Fwp%2Fv2%2Ftags&post=33081"}],"curies":[{"name":"wp","href":"https:\/\/api.w.org\/{rel}","templated":true}]}}