{"id":33078,"date":"2025-06-04T16:14:57","date_gmt":"2025-06-04T13:14:57","guid":{"rendered":"https:\/\/www.egemtv.com\/?p=33078"},"modified":"2025-06-04T16:15:01","modified_gmt":"2025-06-04T13:15:01","slug":"mskulu-ogretim-uyesi-aksoy-marmaris-depremi-degerlendirdi","status":"publish","type":"post","link":"https:\/\/www.egemtv.com\/?p=33078","title":{"rendered":"MSK\u00dc\u2019l\u00fc \u00d6\u011fretim \u00dcyesi Aksoy, Marmaris depremi de\u011ferlendirdi"},"content":{"rendered":"<p>MSK\u00dc \u00d6\u011fretim \u00dcyesi Dr. Murat Ersen Aksoy, Mu\u011fla\u2019n\u0131n Marmaris il\u00e7esi a\u00e7\u0131klar\u0131nda meydana gelen deprem sonras\u0131 baz\u0131 a\u00e7\u0131klamalarda bulundu. Dr. Aksoy, meydana gelen depremin b\u00f6lgenin ola\u011fan sismik aktivitesiyle uyumlu bir deprem oldu\u011funu ifade etti.<br \/>\n<br \/>02 Haziran 2025 tarihinde saat 02.17\u2019de Mu\u011fla\u2019n\u0131n Marmaris il\u00e7esi a\u00e7\u0131klar\u0131nda, Akdeniz\u2019in derinliklerinde 5.8 b\u00fcy\u00fckl\u00fc\u011f\u00fcnde bir deprem meydana geldi. Bu deprem Mu\u011fla ve \u00e7evrelerinde endi\u015feye sebep olurken, Mu\u011fla S\u0131tk\u0131 Ko\u00e7man \u00dcniversitesi (MSK\u00dc) M\u00fchendislik Fak\u00fcltesi \u00d6\u011fretim \u00dcyesi Dr. Murat Ersen Aksoy g\u00fcndeme ili\u015fkin a\u00e7\u0131klamalarda bulundu.<br \/>\n<br \/>Dr. Murat Ersen Aksoy, depremin endi\u015fe olu\u015fturdu\u011funu ifade ederek, &#8220;Derinli\u011fi yakla\u015f\u0131k 69 km olan bu sars\u0131nt\u0131, ba\u015fta Mu\u011fla olmak \u00fczere Ege ve Akdeniz k\u0131y\u0131lar\u0131na kadar geni\u015f bir alanda hissedildi\u011fi i\u00e7in endi\u015feye sebep oldu. Depremde a\u00e7\u0131\u011fa \u00e7\u0131kan enerji g\u00f6zetilecek olursa ancak orta \u015fiddetli veya kuvvetli bir deprem olarak tan\u0131mlanabilir. Meydana gelen deprem b\u00f6lgenin ola\u011fan sismik aktivitesiyle uyumlu bir depremdir. Bu depremin \u00f6nc\u00fc bir sars\u0131nt\u0131 olarak tan\u0131mlanmas\u0131n\u0131 gerektirecek bilgi mevcut de\u011fildir. \u00d6nemli olan kentlerimizi depreme diren\u00e7li hale getirmektir. Bunun i\u00e7in s\u00fcreklilik arz eden eylem planlar\u0131 ortaya koyulmal\u0131d\u0131r. Hem yap\u0131 sto\u011fu hem toplum g\u00fc\u00e7lendirilmelidir. Orta \u015fiddetteki bir sars\u0131nt\u0131 yer yer tela\u015fa sebep olmu\u015ftur. G\u00f6receli olarak k\u00fc\u00e7\u00fck say\u0131labilecek bu depremde panik nedeniyle bir gen\u00e7 insan\u0131n vefat etmesi olduk\u00e7a \u00fcz\u00fcc\u00fcd\u00fcr. Toplumun bilin\u00e7lendirilmesi ve deprem diren\u00e7li hale getirilmesi i\u00e7in daha fazla \u00e7aba harcanmas\u0131 gerekti\u011fini bu deprem g\u00f6stermi\u015ftir&#8221; dedi.<br \/><\/p>\n","protected":false},"excerpt":{"rendered":"<p>MSK\u00dc \u00d6\u011fretim \u00dcyesi Dr. Murat Ersen Aksoy, Mu\u011fla\u2019n\u0131n Marmaris il\u00e7esi a\u00e7\u0131klar\u0131nda meydana gelen deprem sonras\u0131 baz\u0131 a\u00e7\u0131klamalarda bulundu. Dr. Aksoy, meydana gelen depremin b\u00f6lgenin ola\u011fan sismik aktivitesiyle uyumlu bir deprem oldu\u011funu ifade etti. 02 Haziran 2025 tarihinde saat 02.17\u2019de Mu\u011fla\u2019n\u0131n Marmaris il\u00e7esi a\u00e7\u0131klar\u0131nda, Akdeniz\u2019in derinliklerinde 5.8 b\u00fcy\u00fckl\u00fc\u011f\u00fcnde bir deprem meydana geldi. Bu deprem Mu\u011fla ve&#8230;<\/p>\n","protected":false},"author":1,"featured_media":33079,"comment_status":"open","ping_status":"open","sticky":false,"template":"","format":"standard","meta":{"_crdt_document":"","footnotes":""},"categories":[1],"tags":[],"class_list":["post-33078","post","type-post","status-publish","format-standard","has-post-thumbnail","hentry","category-guncel"],"_links":{"self":[{"href":"https:\/\/www.egemtv.com\/index.php?rest_route=\/wp\/v2\/posts\/33078","targetHints":{"allow":["GET"]}}],"collection":[{"href":"https:\/\/www.egemtv.com\/index.php?rest_route=\/wp\/v2\/posts"}],"about":[{"href":"https:\/\/www.egemtv.com\/index.php?rest_route=\/wp\/v2\/types\/post"}],"author":[{"embeddable":true,"href":"https:\/\/www.egemtv.com\/index.php?rest_route=\/wp\/v2\/users\/1"}],"replies":[{"embeddable":true,"href":"https:\/\/www.egemtv.com\/index.php?rest_route=%2Fwp%2Fv2%2Fcomments&post=33078"}],"version-history":[{"count":1,"href":"https:\/\/www.egemtv.com\/index.php?rest_route=\/wp\/v2\/posts\/33078\/revisions"}],"predecessor-version":[{"id":33080,"href":"https:\/\/www.egemtv.com\/index.php?rest_route=\/wp\/v2\/posts\/33078\/revisions\/33080"}],"wp:featuredmedia":[{"embeddable":true,"href":"https:\/\/www.egemtv.com\/index.php?rest_route=\/wp\/v2\/media\/33079"}],"wp:attachment":[{"href":"https:\/\/www.egemtv.com\/index.php?rest_route=%2Fwp%2Fv2%2Fmedia&parent=33078"}],"wp:term":[{"taxonomy":"category","embeddable":true,"href":"https:\/\/www.egemtv.com\/index.php?rest_route=%2Fwp%2Fv2%2Fcategories&post=33078"},{"taxonomy":"post_tag","embeddable":true,"href":"https:\/\/www.egemtv.com\/index.php?rest_route=%2Fwp%2Fv2%2Ftags&post=33078"}],"curies":[{"name":"wp","href":"https:\/\/api.w.org\/{rel}","templated":true}]}}