{"id":33075,"date":"2025-06-04T15:56:59","date_gmt":"2025-06-04T12:56:59","guid":{"rendered":"https:\/\/www.egemtv.com\/?p=33075"},"modified":"2025-06-04T15:57:04","modified_gmt":"2025-06-04T12:57:04","slug":"migros-deniz-market-gocek-koylarinda-10-yaz-sezonuna-basladi","status":"publish","type":"post","link":"https:\/\/www.egemtv.com\/?p=33075","title":{"rendered":"Migros Deniz Market, G\u00f6cek Koylar\u0131nda 10. yaz sezonuna ba\u015flad\u0131"},"content":{"rendered":"<p>Migros Deniz Market, yaz sezonuyla birlikte G\u00f6cek koylar\u0131nda hizmet vermeye ba\u015flad\u0131. 45 metrelik s\u00fcpermarket tekne, bu y\u0131l ikinci k\u00fc\u00e7\u00fck teknesi \u2018Deniz Market Turuncu\u2019 ile daha fazla koya ula\u015farak 10. y\u0131l\u0131nda hizmet a\u011f\u0131n\u0131 geni\u015fletiyor.<br \/>\n<br \/>Migros, yaz aylar\u0131n\u0131 G\u00f6cek koylar\u0131nda ge\u00e7iren m\u00fc\u015fterilerine hizmet sunmak amac\u0131yla hayata ge\u00e7irdi\u011fi Migros Deniz Market projesiyle bu sezon da denizdeki s\u00fcpermarket hizmetine ba\u015flad\u0131. Ege\u2019de teknelere, yatlara, adalara ve kara ula\u015f\u0131m\u0131 olmayan koylara haftan\u0131n 7 g\u00fcn\u00fc ula\u015fan Migros Deniz Market, yaz boyunca G\u00f6cek\u2019te hizmet verecek. Yakla\u015f\u0131k 45 metre uzunlu\u011fa ve 168 metrekarelik sat\u0131\u015f alan\u0131na sahip olan Migros Deniz Market, deniz \u00fczerinde s\u00fcpermarket konforunu sunuyor. \u0130\u00e7erisinde paketli meyve-sebze, et ve \u015fark\u00fcteri \u00fcr\u00fcnlerinden g\u00fcnl\u00fck ekmek ve s\u0131cak simide, tekstilden deniz malzemelerine kadar 4.000\u2019in \u00fczerinde \u00fcr\u00fcn bulunuyor. Yaz s\u0131ca\u011f\u0131nda ihtiya\u00e7 duyulan buz gibi \u00fcr\u00fcnler de teknede sat\u0131\u015fa sunuluyor.<br \/>\n<br \/>Migros G\u00fcney Ege B\u00f6lge Direkt\u00f6r\u00fc Ekrem Y\u0131ld\u0131z, bu y\u0131l projenin 10. y\u0131l\u0131na girdi\u011fini hat\u0131rlatarak, Migros Deniz Market\u2019in ilk olarak 2016 Temmuz ay\u0131nda G\u00f6cek koylar\u0131nda hizmete ba\u015flad\u0131\u011f\u0131n\u0131 belirtti.<br \/>\n<br \/>&#8220;S\u0131cak b\u00f6rek ve ekmek gibi f\u0131r\u0131n \u00fcr\u00fcnleri de yer al\u0131yor&#8221;<br \/>\n<br \/>Y\u0131ld\u0131z, &#8220;Bu projeyi Migros\u2019un \u2018ula\u015f\u0131labilirlik\u2019 vizyonunun bir par\u00e7as\u0131 olarak ba\u015flatt\u0131k. Bug\u00fcn hala bu b\u00fcy\u00fckl\u00fckteki teknemizle T\u00fcrkiye\u2019nin ilk ve en b\u00fcy\u00fck deniz marketiyiz. \u0130kinci tekneyle birlikte daha \u00f6nce eri\u015filemeyen Osmana\u011fa, Akb\u00fck\u00fc, Kille, B\u00fcy\u00fckova, Yass\u0131calar Adas\u0131 ve G\u00f6cek Adas\u0131 koylar\u0131nda hizmet veriyoruz. \u2018Deniz Market Turuncu\u2019 ad\u0131 verilen ikinci tekne, 18 metre uzunlu\u011funda ve 50 metrekarelik sat\u0131\u015f alan\u0131na sahip. Yakla\u015f\u0131k 1.500 \u00fcr\u00fcn \u00e7e\u015fidiyle, dar koylara daha rahat manevra yapabilecek \u015fekilde tasarland\u0131. Migros Deniz Market\u2019in i\u00e7inde sadece raf \u00fcr\u00fcnleri de\u011fil, ayn\u0131 zamanda teknede g\u00fcnl\u00fck olarak \u00fcretilen s\u0131cak b\u00f6rek ve ekmek gibi f\u0131r\u0131n \u00fcr\u00fcnleri de yer al\u0131yor. Bu \u00fcr\u00fcnleri gece 21.00\u201322.00\u2019ye kadar s\u0131cak olarak sat\u0131yoruz. \u00d6zellikle tatilcilerden b\u00fcy\u00fck ilgi g\u00f6r\u00fcyoruz. Yatlar\u0131n en temel ihtiya\u00e7lar\u0131ndan biri olan i\u00e7me suyu sat\u0131\u015f\u0131m\u0131z da bulunuyor. Dondurmadan konserveye, s\u00fctten makarnaya kadar denizde ihtiya\u00e7 duyulabilecek t\u00fcm temel \u00fcr\u00fcnler tekne ma\u011fazalar\u0131m\u0131zda yer al\u0131yor. M\u00fc\u015fterilerimiz ?+90 0541 456 34 56? ve Deniz Market Turuncu teknemiz i\u00e7in 90 530 918 08 11 numaral\u0131 telefonlardan talepte bulunarak Migros botlar\u0131yla al\u0131\u015fveri\u015flerini ger\u00e7ekle\u015ftirebiliyor, ard\u0131ndan kendi teknelerine tekrar ula\u015ft\u0131r\u0131l\u0131yorlar. Her iki teknemizde de hem \u00fcr\u00fcn \u00e7e\u015fitlili\u011fi hem de eri\u015fim kolayl\u0131\u011f\u0131 a\u00e7\u0131s\u0131ndan olduk\u00e7a kapsaml\u0131 bir deniz \u00fczeri market deneyimi sunuyoruz. Dileyen m\u00fc\u015fteriler ise Migros Sanal Market \u00fczerinden sipari\u015f vererek \u00fcr\u00fcnlerini direkt teknelerine teslim alabiliyor. Ayr\u0131ca, ma\u011fazan\u0131n konumu denizcilerin kulland\u0131\u011f\u0131 aplikasyonlarla uyumlu \u015fekilde anl\u0131k takip edilebiliyor. Her iki teknemizde de hem \u00fcr\u00fcn \u00e7e\u015fitlili\u011fi hem de eri\u015fim kolayl\u0131\u011f\u0131 a\u00e7\u0131s\u0131ndan olduk\u00e7a kapsaml\u0131 bir deniz \u00fczeri market deneyimi sunuyoruz. Hizmetimiz sadece teknelerle s\u0131n\u0131rl\u0131 de\u011fil. Karayla ba\u011flant\u0131s\u0131 olmayan b\u00f6lgelerde ya\u015fayan, \u00e7al\u0131\u015fan veya tatil yapan herkes bu marketten faydalanabiliyor. Ayr\u0131ca b\u00f6lgedeki restoranlar da al\u0131\u015fveri\u015f i\u00e7in Migros Deniz Market\u2019i kullanabiliyor&#8221; \u015feklinde konu\u015ftu.<br \/><\/p>\n","protected":false},"excerpt":{"rendered":"<p>Migros Deniz Market, yaz sezonuyla birlikte G\u00f6cek koylar\u0131nda hizmet vermeye ba\u015flad\u0131. 45 metrelik s\u00fcpermarket tekne, bu y\u0131l ikinci k\u00fc\u00e7\u00fck teknesi \u2018Deniz Market Turuncu\u2019 ile daha fazla koya ula\u015farak 10. y\u0131l\u0131nda hizmet a\u011f\u0131n\u0131 geni\u015fletiyor. Migros, yaz aylar\u0131n\u0131 G\u00f6cek koylar\u0131nda ge\u00e7iren m\u00fc\u015fterilerine hizmet sunmak amac\u0131yla hayata ge\u00e7irdi\u011fi Migros Deniz Market projesiyle bu sezon da denizdeki s\u00fcpermarket hizmetine&#8230;<\/p>\n","protected":false},"author":1,"featured_media":33076,"comment_status":"open","ping_status":"open","sticky":false,"template":"","format":"standard","meta":{"_crdt_document":"","footnotes":""},"categories":[125],"tags":[],"class_list":["post-33075","post","type-post","status-publish","format-standard","has-post-thumbnail","hentry","category-ekonomi"],"_links":{"self":[{"href":"https:\/\/www.egemtv.com\/index.php?rest_route=\/wp\/v2\/posts\/33075","targetHints":{"allow":["GET"]}}],"collection":[{"href":"https:\/\/www.egemtv.com\/index.php?rest_route=\/wp\/v2\/posts"}],"about":[{"href":"https:\/\/www.egemtv.com\/index.php?rest_route=\/wp\/v2\/types\/post"}],"author":[{"embeddable":true,"href":"https:\/\/www.egemtv.com\/index.php?rest_route=\/wp\/v2\/users\/1"}],"replies":[{"embeddable":true,"href":"https:\/\/www.egemtv.com\/index.php?rest_route=%2Fwp%2Fv2%2Fcomments&post=33075"}],"version-history":[{"count":1,"href":"https:\/\/www.egemtv.com\/index.php?rest_route=\/wp\/v2\/posts\/33075\/revisions"}],"predecessor-version":[{"id":33077,"href":"https:\/\/www.egemtv.com\/index.php?rest_route=\/wp\/v2\/posts\/33075\/revisions\/33077"}],"wp:featuredmedia":[{"embeddable":true,"href":"https:\/\/www.egemtv.com\/index.php?rest_route=\/wp\/v2\/media\/33076"}],"wp:attachment":[{"href":"https:\/\/www.egemtv.com\/index.php?rest_route=%2Fwp%2Fv2%2Fmedia&parent=33075"}],"wp:term":[{"taxonomy":"category","embeddable":true,"href":"https:\/\/www.egemtv.com\/index.php?rest_route=%2Fwp%2Fv2%2Fcategories&post=33075"},{"taxonomy":"post_tag","embeddable":true,"href":"https:\/\/www.egemtv.com\/index.php?rest_route=%2Fwp%2Fv2%2Ftags&post=33075"}],"curies":[{"name":"wp","href":"https:\/\/api.w.org\/{rel}","templated":true}]}}