{"id":33072,"date":"2025-06-04T15:56:55","date_gmt":"2025-06-04T12:56:55","guid":{"rendered":"https:\/\/www.egemtv.com\/?p=33072"},"modified":"2025-06-04T15:56:59","modified_gmt":"2025-06-04T12:56:59","slug":"dto-baskani-erdogan-depreme-dayaniksiz-eski-ve-yillanmis-yapilarimiz-vatandasa-imkan-sunularak-yenilenmeli","status":"publish","type":"post","link":"https:\/\/www.egemtv.com\/?p=33072","title":{"rendered":"DTO Ba\u015fkan\u0131 Erdo\u011fan, &#8220;Depreme dayan\u0131ks\u0131z eski ve y\u0131llanm\u0131\u015f yap\u0131lar\u0131m\u0131z vatanda\u015fa imkan sunularak yenilenmeli&#8221;"},"content":{"rendered":"<p>Denizli Ticaret Odas\u0131 (DTO) Ba\u015fkan\u0131 U\u011fur Erdo\u011fan, sal\u0131 gecesi saat 2.17\u2019de \u015fehrimizde de hissedilen 5,7 \u015fiddetindeki b\u00fcy\u00fck depremin merkez \u00fcss\u00fc durumundaki Mu\u011fla ba\u015fta olmak \u00fczere civar illeri de etkiledi\u011fini belirterek son yer sars\u0131nt\u0131lar\u0131n\u0131n Ege ve Akdeniz B\u00f6lgesi\u2019nde yer alan geni\u015f bir co\u011frafyadaki halk\u0131 birinci derece deprem b\u00f6lgesinde ya\u015fad\u0131\u011f\u0131m\u0131z ger\u00e7e\u011fiyle yeniden y\u00fcz y\u00fcze getirdi\u011finin alt\u0131n\u0131 \u00e7izdi.<\/p>\n<p>DTO Ba\u015fkan\u0131 Erdo\u011fan, 6 \u015eubat 2023\u2019te 11 ili birden kapsayan ve binlerce insan\u0131n hayat\u0131n\u0131 kaybetti\u011fi bir o kadar da insan\u0131n depremzede olarak \u00e7ok zor durumda kald\u0131\u011f\u0131 asr\u0131n felaketi niteli\u011findeki b\u00fcy\u00fck afetlerin bir benzerinin daha ya\u015fanmamas\u0131 i\u00e7in toplumun t\u00fcm kesimlerince tedbir al\u0131nmas\u0131 gerekti\u011fini vurgulad\u0131; depremden etkilenen herkese ge\u00e7mi\u015f olsun dileklerini ileterek &#8220;\u0130vedilikle ve el birli\u011fi ile hareket etmeli; yap\u0131lar\u0131m\u0131z\u0131 ve kentlerimizi yenilemeliyiz. Bunun i\u00e7in gerekli yasal d\u00fczenlemelerin yap\u0131lmas\u0131, sivil inisiyatifin devreye girmesi ile yerel y\u00f6netim iradesinin ortaya konulmas\u0131, yeterli olacakt\u0131r. \u0130lgili sekt\u00f6rlerimizdeki \u00fcyelerimiz de bunu bir vatan g\u00f6rev olarak g\u00f6rmektedirler; bu t\u00fcr \u00e7al\u0131\u015fmalarda her t\u00fcrl\u00fc \u00f6zveride bulunmak ve etkin rol almak \u00fczere haz\u0131rd\u0131rlar&#8221; dedi.<\/p>\n<p>Yaz\u0131l\u0131 bir a\u00e7\u0131klamada bulunan DTO Y\u00f6netim Kurulu Ba\u015fkan\u0131 U\u011fur Erdo\u011fan, Denizli\u2019nin T\u00fcrkiye\u2019nin deprem riski y\u00fcksek b\u00f6lgelerinden birinde yer ald\u0131\u011f\u0131n\u0131 belirterek, Ege B\u00f6lgesi\u2019nde, Bat\u0131 Anadolu fay sisteminin etkisi alt\u0131nda olan \u015fehrin, aktif fay hatlar\u0131na yak\u0131nl\u0131\u011f\u0131 nedeniyle depremselli\u011fi y\u00fcksek bir il olarak kabul edildi\u011fini hat\u0131rlatt\u0131. Ba\u015fkan Erdo\u011fan, &#8220;Denizli\u2019miz, aktif fay hatlar\u0131 ve tarihi deprem kay\u0131tlar\u0131 nedeniyle, y\u00fcksek deprem riskine sahip bir yerdir. O nedenle hem bireylerin hem de yerel y\u00f6netimlerin depreme haz\u0131rl\u0131k, yap\u0131 g\u00fcvenli\u011fi ve acil durum planlamas\u0131 konular\u0131nda proaktif olmas\u0131 \u00f6nemlidir&#8221; uyar\u0131s\u0131nda bulundu. Erdo\u011fan ayr\u0131ca, geni\u015f bir b\u00f6lgede etkili olan son depremin, sars\u0131nt\u0131y\u0131 bizzat ya\u015fayan herkese bunu bir kez daha an\u0131msatt\u0131\u011f\u0131n\u0131 da kaydetti. Erdo\u011fan, &#8220;Depremin merkez \u00fcss\u00fc durumundaki Mu\u011fla ba\u015fta olmak \u00fczere civar illerinden Denizli, Ayd\u0131n, Manisa, \u0130zmir ve Antalya gibi Ege ve Akdeniz B\u00f6lgesi\u2019nde yer alan geni\u015f bir co\u011frafyay\u0131 etkileyen son yer sars\u0131nt\u0131s\u0131yla, birinci derece deprem b\u00f6lgesinde ya\u015fad\u0131\u011f\u0131m\u0131z ger\u00e7e\u011fiyle yeniden y\u00fcz y\u00fcze geldik. Denizli Ticaret Odas\u0131 olarak asla g\u00f6rmezden gelinemez bu ger\u00e7e\u011fimizi hem sekt\u00f6rel anlamda hem de toplumsal boyutta g\u00fcndemde tutmak ve bununla ilgili tedbir al\u0131nmas\u0131na y\u00f6nelik haz\u0131rl\u0131klar\u0131n ivedilikle yap\u0131lmas\u0131 kapsam\u0131ndaki \u00e7al\u0131\u015fmalar\u0131m\u0131z\u0131 kesintisiz s\u00fcrd\u00fcr\u00fcyoruz. \u0130nsan\u0131m\u0131z\u0131n can ve mal g\u00fcvenli\u011fi, bizim olmazsa olmazlar\u0131m\u0131zdan ve \u00f6nceliklerimizdendir. Onun i\u00e7in bu kapsamda \u00e7ok say\u0131da etkinlik yapt\u0131k, proje \u00fcrettik. Depreme dayan\u0131ks\u0131z eski ve y\u0131llanm\u0131\u015f yap\u0131lar\u0131m\u0131z\u0131n gerek kentsel d\u00f6n\u00fc\u015f\u00fcm anlam\u0131nda gerekse uygun kredilerle vatanda\u015fa imkan sunularak yenilenmesi, riskli yap\u0131lar\u0131n da g\u00fc\u00e7lendirilmesi elzemdir. Devletimiz, sekt\u00f6rlerimiz ile milletimiz el ele vererek t\u0131pk\u0131 b\u00fcy\u00fck afetlerde oldu\u011fu gibi bundan sonras\u0131 i\u00e7in de gereken ne varsa hep beraber yapacakt\u0131r. Bunun i\u00e7in gerekli yasal d\u00fczenlemelerin yap\u0131lmas\u0131, sivil inisiyatifin devreye girmesi ile yerel y\u00f6netim iradesinin ortaya konulmas\u0131 yeterli olacakt\u0131r. Bizler, sekt\u00f6rdeki yasal i\u015flemlerin h\u0131zland\u0131r\u0131lmas\u0131 ve prosed\u00fcrlerin en k\u0131sa zamanda a\u015f\u0131lmas\u0131 i\u00e7in de baz\u0131 giri\u015fimlerde bulunduk, bulunuyoruz&#8230; Mimarl\u0131k, m\u00fchendislik, plan ve proje haz\u0131rlama faaliyetlerinde bulunan \u00fcyelerimizin yer ald\u0131\u011f\u0131 29\u2019uncu Meslek Komitemiz taraf\u0131ndan olu\u015fturulan Dijital D\u00f6n\u00fc\u015f\u00fcm Komisyonumuz, Yap\u0131 Ruhsatland\u0131rma S\u00fcrecinde Dijital Proje ve E-\u0130mza S\u00fcreci Projemizi, ilgili sivil toplum kurulular\u0131, kamu kurum ve kurulu\u015flar\u0131 ile il m\u00fcd\u00fcrl\u00fckleri ve belediyelerin ilgili birimleri ve yetkilileri ile de bir araya gelerek anlatt\u0131, tan\u0131tt\u0131; en iyi ve en kapsaml\u0131 \u015fekilde haz\u0131rlanmas\u0131 i\u00e7in isti\u015fare etti. Bizim bu \u00f6nc\u00fc \u00e7abam\u0131z, irtibata ge\u00e7ti\u011fimiz t\u00fcm il\u00e7e belediyelerimizin b\u00fcy\u00fck ilgi duydu\u011fu ve kendi b\u00fcnyelerindeki haz\u0131rl\u0131klar\u0131n yap\u0131lmas\u0131 i\u00e7in harekete ge\u00e7ti\u011fi bir s\u00fcrece evrildi. Bizleri son derece mutlu eden bu geli\u015fme, el birli\u011fiyle y\u00fcr\u00fct\u00fclecek \u00e7al\u0131\u015fmalar do\u011frultusunda olu\u015fturulacak iyi bir dijital alt yap\u0131n\u0131n kurulmas\u0131yla ta\u00e7land\u0131r\u0131lacakt\u0131r. Bu sayede, mimar ve m\u00fchendislerimiz, maliye a\u00e7\u0131s\u0131ndan zorunlu hale getirilen e-imza ara\u00e7lar\u0131 ile ilgili kurum ve kurulu\u015flarla koordineli bir halde hem proje hem de ruhsatlarda yeni bir sistemsel d\u00fczenlemeye ge\u00e7ecektir; Denizli\u2019miz de T\u00fcrkiye\u2019de \u00f6nc\u00fc bir i\u015fe imza atarak bir kez daha fark\u0131n\u0131 ortaya koyacakt\u0131r. Giri\u015fimcili\u011fiyle her zaman \u00f6rnek olan \u015fehrimiz ve sekt\u00f6rlerimiz, bunu da ba\u015faracak bilgi, birikim ve g\u00fc\u00e7tedir. Biz, buna g\u00f6n\u00fclden inan\u0131yoruz. Bu kapsamda \u00e7aba harcayan \u00fcyelerimiz ile e\u015f g\u00fcd\u00fcml\u00fc hareket eden herkese ve kurumlar\u0131m\u0131za \u00fcst\u00fcn gayretlerinden dolay\u0131 te\u015fekk\u00fcr ediyoruz&#8221; ifadelerini kulland\u0131.<br \/><\/p>\n","protected":false},"excerpt":{"rendered":"<p>Denizli Ticaret Odas\u0131 (DTO) Ba\u015fkan\u0131 U\u011fur Erdo\u011fan, sal\u0131 gecesi saat 2.17\u2019de \u015fehrimizde de hissedilen 5,7 \u015fiddetindeki b\u00fcy\u00fck depremin merkez \u00fcss\u00fc durumundaki Mu\u011fla ba\u015fta olmak \u00fczere civar illeri de etkiledi\u011fini belirterek son yer sars\u0131nt\u0131lar\u0131n\u0131n Ege ve Akdeniz B\u00f6lgesi\u2019nde yer alan geni\u015f bir co\u011frafyadaki halk\u0131 birinci derece deprem b\u00f6lgesinde ya\u015fad\u0131\u011f\u0131m\u0131z ger\u00e7e\u011fiyle yeniden y\u00fcz y\u00fcze getirdi\u011finin alt\u0131n\u0131 \u00e7izdi&#8230;.<\/p>\n","protected":false},"author":1,"featured_media":33073,"comment_status":"open","ping_status":"open","sticky":false,"template":"","format":"standard","meta":{"_crdt_document":"","footnotes":""},"categories":[1],"tags":[],"class_list":["post-33072","post","type-post","status-publish","format-standard","has-post-thumbnail","hentry","category-guncel"],"_links":{"self":[{"href":"https:\/\/www.egemtv.com\/index.php?rest_route=\/wp\/v2\/posts\/33072","targetHints":{"allow":["GET"]}}],"collection":[{"href":"https:\/\/www.egemtv.com\/index.php?rest_route=\/wp\/v2\/posts"}],"about":[{"href":"https:\/\/www.egemtv.com\/index.php?rest_route=\/wp\/v2\/types\/post"}],"author":[{"embeddable":true,"href":"https:\/\/www.egemtv.com\/index.php?rest_route=\/wp\/v2\/users\/1"}],"replies":[{"embeddable":true,"href":"https:\/\/www.egemtv.com\/index.php?rest_route=%2Fwp%2Fv2%2Fcomments&post=33072"}],"version-history":[{"count":1,"href":"https:\/\/www.egemtv.com\/index.php?rest_route=\/wp\/v2\/posts\/33072\/revisions"}],"predecessor-version":[{"id":33074,"href":"https:\/\/www.egemtv.com\/index.php?rest_route=\/wp\/v2\/posts\/33072\/revisions\/33074"}],"wp:featuredmedia":[{"embeddable":true,"href":"https:\/\/www.egemtv.com\/index.php?rest_route=\/wp\/v2\/media\/33073"}],"wp:attachment":[{"href":"https:\/\/www.egemtv.com\/index.php?rest_route=%2Fwp%2Fv2%2Fmedia&parent=33072"}],"wp:term":[{"taxonomy":"category","embeddable":true,"href":"https:\/\/www.egemtv.com\/index.php?rest_route=%2Fwp%2Fv2%2Fcategories&post=33072"},{"taxonomy":"post_tag","embeddable":true,"href":"https:\/\/www.egemtv.com\/index.php?rest_route=%2Fwp%2Fv2%2Ftags&post=33072"}],"curies":[{"name":"wp","href":"https:\/\/api.w.org\/{rel}","templated":true}]}}