{"id":33069,"date":"2025-06-04T15:56:50","date_gmt":"2025-06-04T12:56:50","guid":{"rendered":"https:\/\/www.egemtv.com\/?p=33069"},"modified":"2025-06-04T15:56:55","modified_gmt":"2025-06-04T12:56:55","slug":"yunusemrede-personel-bayramlasti","status":"publish","type":"post","link":"https:\/\/www.egemtv.com\/?p=33069","title":{"rendered":"Yunusemre\u2019de personel bayramla\u015ft\u0131"},"content":{"rendered":"<p>Yunusemre Belediyesi Ba\u015fkanvekili Haydar \u0130zci, Belediye Ba\u015fkan Yard\u0131mc\u0131lar\u0131yla beraber Kurban Bayram\u0131 \u00f6ncesi birimleri ziyaret ederek belediye personeliyle bayramla\u015ft\u0131.<br \/>\n<br \/>Yunusemre Belediye Ba\u015fkanvekili  Haydar \u0130zci,  t\u00fcm \u00e7al\u0131\u015fanlar\u0131na iyi bayramlar diledi. Bayramla\u015fmada Ba\u015fkanvekili \u0130zci\u2019ye Belediye Ba\u015fkan Yard\u0131mc\u0131lar\u0131 e\u015flik etti. Personelinin aileleriyle sa\u011fl\u0131k ve huzur i\u00e7inde bir bayram ge\u00e7irmelerini dileyen \u0130zci, \u00f6nce \u015fantiyede personelle bayramla\u015f\u0131p daha sonra belediye b\u00fcnyesindeki ve Muradiye Ek Hizmet Binas\u0131\u2019ndaki birimleri gezerek personelin bayram\u0131n\u0131 kutlad\u0131.<br \/><\/p>\n","protected":false},"excerpt":{"rendered":"<p>Yunusemre Belediyesi Ba\u015fkanvekili Haydar \u0130zci, Belediye Ba\u015fkan Yard\u0131mc\u0131lar\u0131yla beraber Kurban Bayram\u0131 \u00f6ncesi birimleri ziyaret ederek belediye personeliyle bayramla\u015ft\u0131. Yunusemre Belediye Ba\u015fkanvekili Haydar \u0130zci, t\u00fcm \u00e7al\u0131\u015fanlar\u0131na iyi bayramlar diledi. Bayramla\u015fmada Ba\u015fkanvekili \u0130zci\u2019ye Belediye Ba\u015fkan Yard\u0131mc\u0131lar\u0131 e\u015flik etti. Personelinin aileleriyle sa\u011fl\u0131k ve huzur i\u00e7inde bir bayram ge\u00e7irmelerini dileyen \u0130zci, \u00f6nce \u015fantiyede personelle bayramla\u015f\u0131p daha sonra belediye b\u00fcnyesindeki&#8230;<\/p>\n","protected":false},"author":1,"featured_media":33070,"comment_status":"open","ping_status":"open","sticky":false,"template":"","format":"standard","meta":{"_crdt_document":"","footnotes":""},"categories":[127],"tags":[],"class_list":["post-33069","post","type-post","status-publish","format-standard","has-post-thumbnail","hentry","category-siyaset"],"_links":{"self":[{"href":"https:\/\/www.egemtv.com\/index.php?rest_route=\/wp\/v2\/posts\/33069","targetHints":{"allow":["GET"]}}],"collection":[{"href":"https:\/\/www.egemtv.com\/index.php?rest_route=\/wp\/v2\/posts"}],"about":[{"href":"https:\/\/www.egemtv.com\/index.php?rest_route=\/wp\/v2\/types\/post"}],"author":[{"embeddable":true,"href":"https:\/\/www.egemtv.com\/index.php?rest_route=\/wp\/v2\/users\/1"}],"replies":[{"embeddable":true,"href":"https:\/\/www.egemtv.com\/index.php?rest_route=%2Fwp%2Fv2%2Fcomments&post=33069"}],"version-history":[{"count":1,"href":"https:\/\/www.egemtv.com\/index.php?rest_route=\/wp\/v2\/posts\/33069\/revisions"}],"predecessor-version":[{"id":33071,"href":"https:\/\/www.egemtv.com\/index.php?rest_route=\/wp\/v2\/posts\/33069\/revisions\/33071"}],"wp:featuredmedia":[{"embeddable":true,"href":"https:\/\/www.egemtv.com\/index.php?rest_route=\/wp\/v2\/media\/33070"}],"wp:attachment":[{"href":"https:\/\/www.egemtv.com\/index.php?rest_route=%2Fwp%2Fv2%2Fmedia&parent=33069"}],"wp:term":[{"taxonomy":"category","embeddable":true,"href":"https:\/\/www.egemtv.com\/index.php?rest_route=%2Fwp%2Fv2%2Fcategories&post=33069"},{"taxonomy":"post_tag","embeddable":true,"href":"https:\/\/www.egemtv.com\/index.php?rest_route=%2Fwp%2Fv2%2Ftags&post=33069"}],"curies":[{"name":"wp","href":"https:\/\/api.w.org\/{rel}","templated":true}]}}