{"id":33066,"date":"2025-06-04T15:56:46","date_gmt":"2025-06-04T12:56:46","guid":{"rendered":"https:\/\/www.egemtv.com\/?p=33066"},"modified":"2025-06-04T15:56:50","modified_gmt":"2025-06-04T12:56:50","slug":"msku-personeli-bayramlasma-toreninde-bulustu","status":"publish","type":"post","link":"https:\/\/www.egemtv.com\/?p=33066","title":{"rendered":"MSK\u00dc personeli bayramla\u015fma t\u00f6reninde bulu\u015ftu"},"content":{"rendered":"<p>MSK\u00dc\u2019de Kurban Bayram\u0131 dolay\u0131s\u0131yla Atat\u00fcrk K\u00fclt\u00fcr Merkezi fuaye alan\u0131nda bayramla\u015fma t\u00f6reni d\u00fczenlendi.<\/p>\n<p>Mu\u011fla S\u0131tk\u0131 Ko\u00e7man \u00dcniversitesi (MSK\u00dc) Rekt\u00f6rl\u00fc\u011f\u00fc taraf\u0131ndan Kurban Bayram\u0131 dolay\u0131s\u0131yla bayramla\u015fma t\u00f6reni yap\u0131ld\u0131. Atat\u00fcrk K\u00fclt\u00fcr Merkezi fuaye alan\u0131nda yap\u0131lan t\u00f6rene MSK\u00dc\u2019n\u00fcn idari ve akademik birimlerinde g\u00f6rev yapan personel kat\u0131ld\u0131.<br \/>\n<br \/>MSK\u00dc Rekt\u00f6r\u00fc Prof. Dr. Turhan Ka\u00e7ar, Rekt\u00f6r Yard\u0131mc\u0131lar\u0131 Prof. Dr. Deniz \u00dclgen, Prof. Dr. Hatice Hicret \u00d6zko\u00e7 ve Prof. Dr Mustafa G\u00f6k\u00e7e, Genel Sekreter Vekili Do\u00e7. Dr. Mehmet Avc\u0131 ve Genel Sekreter Yard\u0131mc\u0131s\u0131 Hasan Er, bayram dolay\u0131s\u0131yla MSK\u00dc personeli ile bir araya geldi.<br \/>\n<br \/>MSK\u00dc ailesinin bayram\u0131n\u0131 kutlayan Rekt\u00f6r Prof. Dr. Turhan Ka\u00e7ar, Kurban Bayram\u0131\u2019n\u0131n huzur i\u00e7erisinde ge\u00e7mesini dileyerek, bayram tatili sebebiyle uzun yola \u00e7\u0131kacak personeli dikkatli olmalar\u0131 konusunda uyard\u0131.<br \/>\n<br \/>Rekt\u00f6r Ka\u00e7ar, ayn\u0131 zamanda Bayram sevincini payla\u015f\u0131rken, Gazze\u2019de ya\u015fanan ac\u0131lar\u0131n da unutulmamas\u0131 gerekti\u011fini belirterek, ya\u015fanan sorunlar\u0131n son bulmas\u0131n\u0131 temenni etti.<br \/>\n<br \/>\u00d6te yandan bayramla\u015fmaya kat\u0131lan t\u00fcm idari ve akademik personele bayram \u00e7ikolatas\u0131 ikram edildi.<br \/><\/p>\n","protected":false},"excerpt":{"rendered":"<p>MSK\u00dc\u2019de Kurban Bayram\u0131 dolay\u0131s\u0131yla Atat\u00fcrk K\u00fclt\u00fcr Merkezi fuaye alan\u0131nda bayramla\u015fma t\u00f6reni d\u00fczenlendi. Mu\u011fla S\u0131tk\u0131 Ko\u00e7man \u00dcniversitesi (MSK\u00dc) Rekt\u00f6rl\u00fc\u011f\u00fc taraf\u0131ndan Kurban Bayram\u0131 dolay\u0131s\u0131yla bayramla\u015fma t\u00f6reni yap\u0131ld\u0131. Atat\u00fcrk K\u00fclt\u00fcr Merkezi fuaye alan\u0131nda yap\u0131lan t\u00f6rene MSK\u00dc\u2019n\u00fcn idari ve akademik birimlerinde g\u00f6rev yapan personel kat\u0131ld\u0131. MSK\u00dc Rekt\u00f6r\u00fc Prof. Dr. Turhan Ka\u00e7ar, Rekt\u00f6r Yard\u0131mc\u0131lar\u0131 Prof. Dr. Deniz \u00dclgen, Prof. Dr&#8230;.<\/p>\n","protected":false},"author":1,"featured_media":33067,"comment_status":"open","ping_status":"open","sticky":false,"template":"","format":"standard","meta":{"_crdt_document":"","footnotes":""},"categories":[1],"tags":[],"class_list":["post-33066","post","type-post","status-publish","format-standard","has-post-thumbnail","hentry","category-guncel"],"_links":{"self":[{"href":"https:\/\/www.egemtv.com\/index.php?rest_route=\/wp\/v2\/posts\/33066","targetHints":{"allow":["GET"]}}],"collection":[{"href":"https:\/\/www.egemtv.com\/index.php?rest_route=\/wp\/v2\/posts"}],"about":[{"href":"https:\/\/www.egemtv.com\/index.php?rest_route=\/wp\/v2\/types\/post"}],"author":[{"embeddable":true,"href":"https:\/\/www.egemtv.com\/index.php?rest_route=\/wp\/v2\/users\/1"}],"replies":[{"embeddable":true,"href":"https:\/\/www.egemtv.com\/index.php?rest_route=%2Fwp%2Fv2%2Fcomments&post=33066"}],"version-history":[{"count":1,"href":"https:\/\/www.egemtv.com\/index.php?rest_route=\/wp\/v2\/posts\/33066\/revisions"}],"predecessor-version":[{"id":33068,"href":"https:\/\/www.egemtv.com\/index.php?rest_route=\/wp\/v2\/posts\/33066\/revisions\/33068"}],"wp:featuredmedia":[{"embeddable":true,"href":"https:\/\/www.egemtv.com\/index.php?rest_route=\/wp\/v2\/media\/33067"}],"wp:attachment":[{"href":"https:\/\/www.egemtv.com\/index.php?rest_route=%2Fwp%2Fv2%2Fmedia&parent=33066"}],"wp:term":[{"taxonomy":"category","embeddable":true,"href":"https:\/\/www.egemtv.com\/index.php?rest_route=%2Fwp%2Fv2%2Fcategories&post=33066"},{"taxonomy":"post_tag","embeddable":true,"href":"https:\/\/www.egemtv.com\/index.php?rest_route=%2Fwp%2Fv2%2Ftags&post=33066"}],"curies":[{"name":"wp","href":"https:\/\/api.w.org\/{rel}","templated":true}]}}