{"id":33063,"date":"2025-06-04T15:36:54","date_gmt":"2025-06-04T12:36:54","guid":{"rendered":"https:\/\/www.egemtv.com\/?p=33063"},"modified":"2025-06-04T15:36:58","modified_gmt":"2025-06-04T12:36:58","slug":"maskiden-kurban-atigi-uyarisi","status":"publish","type":"post","link":"https:\/\/www.egemtv.com\/?p=33063","title":{"rendered":"MASK\u0130\u2019den kurban at\u0131\u011f\u0131 uyar\u0131s\u0131"},"content":{"rendered":"<p>Manisa Su ve Kanalizasyon \u0130daresi (MASK\u0130) Genel M\u00fcd\u00fcrl\u00fc\u011f\u00fc, yakla\u015fan Kurban Bayram\u0131 \u00f6ncesinde yurtta\u015flara uyar\u0131larda bulundu. Kanalizasyon ve ya\u011fmur suyu hatlar\u0131 ile dere yataklar\u0131na at\u0131lan kurban at\u0131klar\u0131n\u0131n hem insan hem de \u00e7evre sa\u011fl\u0131\u011f\u0131n\u0131 etkiledi\u011fi ifade edilerek, vatanda\u015flar\u0131n duyarl\u0131 olmas\u0131 istendi.<br \/>\n<br \/>Manisa B\u00fcy\u00fck\u015fehir Belediyesi MASK\u0130 Genel M\u00fcd\u00fcrl\u00fc\u011f\u00fc, yakla\u015fan Kurban Bayram\u0131 \u00f6ncesinde, kurban at\u0131klar\u0131n\u0131n kanalizasyon ve ya\u011fmur suyu hatlar\u0131 ile dere yataklar\u0131na at\u0131lmas\u0131n\u0131n ciddi sorunlar olu\u015fturdu\u011fu ifade edilerek yurtta\u015flara \u00e7a\u011fr\u0131da bulundu. Yap\u0131lan a\u00e7\u0131klamada, &#8220;Kurum olarak kentimizin d\u00f6rt bir yan\u0131nda kanalizasyon hatlar\u0131, ya\u011fmur suyu mazgallar\u0131 ve dere yataklar\u0131n\u0131n periyodik bak\u0131m ve temizliklerini d\u00fczenli aral\u0131klarla ger\u00e7ekle\u015ftiriyoruz. Kurban Bayram\u0131 \u00f6ncesinde de kanalizasyon ve ya\u011fmur suyu ta\u015f\u0131yan kanallarda temizlik \u00e7al\u0131\u015fmas\u0131 yaparak t\u00fcm \u00f6nlemleri al\u0131yoruz. Ne yaz\u0131k ki baz\u0131 yurtta\u015flar\u0131m\u0131z\u0131n kanalizasyon hatlar\u0131n\u0131 bilin\u00e7siz kullanmas\u0131 ve at\u0131lan \u00e7\u00f6pler nedeniyle ak\u0131\u015f engellenerek k\u0131sa s\u00fcrede t\u0131kanmalar, kanal ta\u015fmalar\u0131 ve su bask\u0131nlar\u0131 ya\u015fanabilmektedir. T\u0131kanan hatlar, maddi kayba yol a\u00e7t\u0131\u011f\u0131 gibi halk sa\u011fl\u0131\u011f\u0131 a\u00e7\u0131s\u0131ndan da ciddi risk olu\u015fturmaktad\u0131r. Kurban Bayram\u0131\u2019nda da bu gibi istenmeyen durumlar\u0131n ya\u015fanmamas\u0131 ve herhangi bir sorun olu\u015fmamas\u0131 i\u00e7in yurtta\u015flar\u0131m\u0131zdan duyarl\u0131l\u0131kla hareket etmesini \u00f6nemle rica ederiz.&#8221; denildi.<br \/><\/p>\n","protected":false},"excerpt":{"rendered":"<p>Manisa Su ve Kanalizasyon \u0130daresi (MASK\u0130) Genel M\u00fcd\u00fcrl\u00fc\u011f\u00fc, yakla\u015fan Kurban Bayram\u0131 \u00f6ncesinde yurtta\u015flara uyar\u0131larda bulundu. Kanalizasyon ve ya\u011fmur suyu hatlar\u0131 ile dere yataklar\u0131na at\u0131lan kurban at\u0131klar\u0131n\u0131n hem insan hem de \u00e7evre sa\u011fl\u0131\u011f\u0131n\u0131 etkiledi\u011fi ifade edilerek, vatanda\u015flar\u0131n duyarl\u0131 olmas\u0131 istendi. Manisa B\u00fcy\u00fck\u015fehir Belediyesi MASK\u0130 Genel M\u00fcd\u00fcrl\u00fc\u011f\u00fc, yakla\u015fan Kurban Bayram\u0131 \u00f6ncesinde, kurban at\u0131klar\u0131n\u0131n kanalizasyon ve ya\u011fmur suyu&#8230;<\/p>\n","protected":false},"author":1,"featured_media":33064,"comment_status":"open","ping_status":"open","sticky":false,"template":"","format":"standard","meta":{"_crdt_document":"","footnotes":""},"categories":[1],"tags":[],"class_list":["post-33063","post","type-post","status-publish","format-standard","has-post-thumbnail","hentry","category-guncel"],"_links":{"self":[{"href":"https:\/\/www.egemtv.com\/index.php?rest_route=\/wp\/v2\/posts\/33063","targetHints":{"allow":["GET"]}}],"collection":[{"href":"https:\/\/www.egemtv.com\/index.php?rest_route=\/wp\/v2\/posts"}],"about":[{"href":"https:\/\/www.egemtv.com\/index.php?rest_route=\/wp\/v2\/types\/post"}],"author":[{"embeddable":true,"href":"https:\/\/www.egemtv.com\/index.php?rest_route=\/wp\/v2\/users\/1"}],"replies":[{"embeddable":true,"href":"https:\/\/www.egemtv.com\/index.php?rest_route=%2Fwp%2Fv2%2Fcomments&post=33063"}],"version-history":[{"count":1,"href":"https:\/\/www.egemtv.com\/index.php?rest_route=\/wp\/v2\/posts\/33063\/revisions"}],"predecessor-version":[{"id":33065,"href":"https:\/\/www.egemtv.com\/index.php?rest_route=\/wp\/v2\/posts\/33063\/revisions\/33065"}],"wp:featuredmedia":[{"embeddable":true,"href":"https:\/\/www.egemtv.com\/index.php?rest_route=\/wp\/v2\/media\/33064"}],"wp:attachment":[{"href":"https:\/\/www.egemtv.com\/index.php?rest_route=%2Fwp%2Fv2%2Fmedia&parent=33063"}],"wp:term":[{"taxonomy":"category","embeddable":true,"href":"https:\/\/www.egemtv.com\/index.php?rest_route=%2Fwp%2Fv2%2Fcategories&post=33063"},{"taxonomy":"post_tag","embeddable":true,"href":"https:\/\/www.egemtv.com\/index.php?rest_route=%2Fwp%2Fv2%2Ftags&post=33063"}],"curies":[{"name":"wp","href":"https:\/\/api.w.org\/{rel}","templated":true}]}}