{"id":33060,"date":"2025-06-04T15:36:49","date_gmt":"2025-06-04T12:36:49","guid":{"rendered":"https:\/\/www.egemtv.com\/?p=33060"},"modified":"2025-06-04T15:36:54","modified_gmt":"2025-06-04T12:36:54","slug":"aydin-buyuksehir-belediyesi-sair-nazim-hikmeti-andi","status":"publish","type":"post","link":"https:\/\/www.egemtv.com\/?p=33060","title":{"rendered":"Ayd\u0131n B\u00fcy\u00fck\u015fehir Belediyesi, \u015fair Naz\u0131m Hikmet\u2019i and\u0131"},"content":{"rendered":"<p>Ayd\u0131n B\u00fcy\u00fck\u015fehir Belediyesi, aram\u0131zdan ayr\u0131l\u0131\u015f\u0131n\u0131n 62\u2019nci y\u0131l\u0131nda memleket \u015fairi N\u00e2z\u0131m Hikmet\u2019i \u015fiirlerinden bestelenen \u015fark\u0131larla and\u0131.<\/p>\n<p>Ayd\u0131n B\u00fcy\u00fck\u015fehir Belediye Ba\u015fkan\u0131 \u00d6zlem \u00c7er\u00e7io\u011flu, yapt\u0131\u011f\u0131 payla\u015f\u0131mla &#8220;Edebiyat\u0131m\u0131z\u0131n b\u00fcy\u00fck ustas\u0131 Naz\u0131m Hikmet\u2019i \u00f6l\u00fcms\u00fczl\u00fc\u011f\u00fcn\u00fcn y\u0131l d\u00f6n\u00fcm\u00fcnde sayg\u0131yla an\u0131yorum&#8221; usta \u015fairi anarken, \u015e\u00fckran G\u00fcng\u00f6r- Y\u0131ld\u0131z Kenter Tiyatro Salonu ve K\u00fclt\u00fcr Merkezi\u2019nde ger\u00e7ekle\u015ftirilen anma konseri B\u00fcy\u00fck\u015fehir Belediyesi Konservatuvar\u0131 ile B\u00fcy\u00fck\u015fehir Belediyesi Oda Orkestras\u0131 taraf\u0131ndan ger\u00e7ekle\u015ftirildi. Usta \u015fairin farkl\u0131 bestecilerce bestelenen &#8220;Karl\u0131 Kay\u0131n&#8221;, &#8220;Memleket&#8221;, &#8220;G\u00fczel G\u00fcnler G\u00f6rece\u011fiz&#8221; gibi eserlerinin seslendirildi\u011fi gece sanatseverlerden b\u00fcy\u00fck be\u011feni toplad\u0131. Vatanda\u015flar da Naz\u0131m Hikmet\u2019i unutmad\u0131\u011f\u0131 i\u00e7in Ba\u015fkan \u00c7er\u00e7io\u011flu\u2019na te\u015fekk\u00fcr etti.<br \/><\/p>\n","protected":false},"excerpt":{"rendered":"<p>Ayd\u0131n B\u00fcy\u00fck\u015fehir Belediyesi, aram\u0131zdan ayr\u0131l\u0131\u015f\u0131n\u0131n 62\u2019nci y\u0131l\u0131nda memleket \u015fairi N\u00e2z\u0131m Hikmet\u2019i \u015fiirlerinden bestelenen \u015fark\u0131larla and\u0131. Ayd\u0131n B\u00fcy\u00fck\u015fehir Belediye Ba\u015fkan\u0131 \u00d6zlem \u00c7er\u00e7io\u011flu, yapt\u0131\u011f\u0131 payla\u015f\u0131mla &#8220;Edebiyat\u0131m\u0131z\u0131n b\u00fcy\u00fck ustas\u0131 Naz\u0131m Hikmet\u2019i \u00f6l\u00fcms\u00fczl\u00fc\u011f\u00fcn\u00fcn y\u0131l d\u00f6n\u00fcm\u00fcnde sayg\u0131yla an\u0131yorum&#8221; usta \u015fairi anarken, \u015e\u00fckran G\u00fcng\u00f6r- Y\u0131ld\u0131z Kenter Tiyatro Salonu ve K\u00fclt\u00fcr Merkezi\u2019nde ger\u00e7ekle\u015ftirilen anma konseri B\u00fcy\u00fck\u015fehir Belediyesi Konservatuvar\u0131 ile B\u00fcy\u00fck\u015fehir Belediyesi Oda&#8230;<\/p>\n","protected":false},"author":1,"featured_media":33061,"comment_status":"open","ping_status":"open","sticky":false,"template":"","format":"standard","meta":{"_crdt_document":"","footnotes":""},"categories":[1],"tags":[],"class_list":["post-33060","post","type-post","status-publish","format-standard","has-post-thumbnail","hentry","category-guncel"],"_links":{"self":[{"href":"https:\/\/www.egemtv.com\/index.php?rest_route=\/wp\/v2\/posts\/33060","targetHints":{"allow":["GET"]}}],"collection":[{"href":"https:\/\/www.egemtv.com\/index.php?rest_route=\/wp\/v2\/posts"}],"about":[{"href":"https:\/\/www.egemtv.com\/index.php?rest_route=\/wp\/v2\/types\/post"}],"author":[{"embeddable":true,"href":"https:\/\/www.egemtv.com\/index.php?rest_route=\/wp\/v2\/users\/1"}],"replies":[{"embeddable":true,"href":"https:\/\/www.egemtv.com\/index.php?rest_route=%2Fwp%2Fv2%2Fcomments&post=33060"}],"version-history":[{"count":1,"href":"https:\/\/www.egemtv.com\/index.php?rest_route=\/wp\/v2\/posts\/33060\/revisions"}],"predecessor-version":[{"id":33062,"href":"https:\/\/www.egemtv.com\/index.php?rest_route=\/wp\/v2\/posts\/33060\/revisions\/33062"}],"wp:featuredmedia":[{"embeddable":true,"href":"https:\/\/www.egemtv.com\/index.php?rest_route=\/wp\/v2\/media\/33061"}],"wp:attachment":[{"href":"https:\/\/www.egemtv.com\/index.php?rest_route=%2Fwp%2Fv2%2Fmedia&parent=33060"}],"wp:term":[{"taxonomy":"category","embeddable":true,"href":"https:\/\/www.egemtv.com\/index.php?rest_route=%2Fwp%2Fv2%2Fcategories&post=33060"},{"taxonomy":"post_tag","embeddable":true,"href":"https:\/\/www.egemtv.com\/index.php?rest_route=%2Fwp%2Fv2%2Ftags&post=33060"}],"curies":[{"name":"wp","href":"https:\/\/api.w.org\/{rel}","templated":true}]}}