{"id":33057,"date":"2025-06-04T15:36:44","date_gmt":"2025-06-04T12:36:44","guid":{"rendered":"https:\/\/www.egemtv.com\/?p=33057"},"modified":"2025-06-04T15:36:49","modified_gmt":"2025-06-04T12:36:49","slug":"sampiyon-denizli-idmanyurdunda-belirsizlik-devam-ediyor","status":"publish","type":"post","link":"https:\/\/www.egemtv.com\/?p=33057","title":{"rendered":"\u015eampiyon Denizli \u0130dmanyurdu\u2019nda belirsizlik devam ediyor"},"content":{"rendered":"<p>TFF B\u00f6lgesel Amat\u00f6r Lig 7. Grupta \u015fampiyon olarak 3. Lige y\u00fckselen Denizli \u0130dmanyurdu\u2019nda belirsizlik devam ediyor. Kul\u00fcb\u00fcn ilgisizlik nedeniyle sat\u0131lmas\u0131 g\u00fcndemdeki yerini koruyor.<\/p>\n<p>2024-2025 sezonunda B\u00f6lgesel Amat\u00f6r Ligde \u015eampiyon olarak 3. Lige y\u00fckselen ve Denizlispor\u2019un BAL\u2019a d\u00fc\u015fmesi nedeniyle \u015fehrin tek profesyonel tak\u0131m\u0131 olan Denizli \u0130dmanyurdu\u2019da belirsizlik devam ediyor.<br \/>\n<br \/>Kul\u00fcp y\u00f6netiminden al\u0131nan bilgilere g\u00f6re tak\u0131ma gereken deste\u011fin verilmedi\u011fi belirtilerek kul\u00fcb\u00fcn sat\u0131lmas\u0131, el de\u011fi\u015ftirmesi s\u00fcrecinin devam etti\u011fi ifade edildi.  Tak\u0131m\u0131n 3. Lige haz\u0131rl\u0131k s\u00fcreci i\u00e7in hemen hareket edilmesi gerekti\u011fi ifade edilen a\u00e7\u0131klamada &#8220;Zaman ge\u00e7iyor. Bir an \u00f6nce karar verilmeli. Yeniden yap\u0131lanma, transfer s\u00fcreci gibi konular acil bizi bekliyor. O y\u00fczden futbolseverlerden \u015fehrin ileri gelenlerinden, \u015fehrin y\u00f6netiminden sorumlu olanlardan ilgi bekliyoruz. Aksi takdirde tak\u0131m\u0131 satmak zorunda kalacak ve Denizli\u2019nin tek profesyonel tak\u0131m\u0131n\u0131n da g\u00f6z g\u00f6re g\u00f6re yok olmas\u0131n\u0131 izleyece\u011fiz&#8221; ifadelerine yer verildi.<br \/><\/p>\n","protected":false},"excerpt":{"rendered":"<p>TFF B\u00f6lgesel Amat\u00f6r Lig 7. Grupta \u015fampiyon olarak 3. Lige y\u00fckselen Denizli \u0130dmanyurdu\u2019nda belirsizlik devam ediyor. Kul\u00fcb\u00fcn ilgisizlik nedeniyle sat\u0131lmas\u0131 g\u00fcndemdeki yerini koruyor. 2024-2025 sezonunda B\u00f6lgesel Amat\u00f6r Ligde \u015eampiyon olarak 3. Lige y\u00fckselen ve Denizlispor\u2019un BAL\u2019a d\u00fc\u015fmesi nedeniyle \u015fehrin tek profesyonel tak\u0131m\u0131 olan Denizli \u0130dmanyurdu\u2019da belirsizlik devam ediyor. Kul\u00fcp y\u00f6netiminden al\u0131nan bilgilere g\u00f6re tak\u0131ma gereken&#8230;<\/p>\n","protected":false},"author":1,"featured_media":33058,"comment_status":"open","ping_status":"open","sticky":false,"template":"","format":"standard","meta":{"_crdt_document":"","footnotes":""},"categories":[4],"tags":[],"class_list":["post-33057","post","type-post","status-publish","format-standard","has-post-thumbnail","hentry","category-spor"],"_links":{"self":[{"href":"https:\/\/www.egemtv.com\/index.php?rest_route=\/wp\/v2\/posts\/33057","targetHints":{"allow":["GET"]}}],"collection":[{"href":"https:\/\/www.egemtv.com\/index.php?rest_route=\/wp\/v2\/posts"}],"about":[{"href":"https:\/\/www.egemtv.com\/index.php?rest_route=\/wp\/v2\/types\/post"}],"author":[{"embeddable":true,"href":"https:\/\/www.egemtv.com\/index.php?rest_route=\/wp\/v2\/users\/1"}],"replies":[{"embeddable":true,"href":"https:\/\/www.egemtv.com\/index.php?rest_route=%2Fwp%2Fv2%2Fcomments&post=33057"}],"version-history":[{"count":1,"href":"https:\/\/www.egemtv.com\/index.php?rest_route=\/wp\/v2\/posts\/33057\/revisions"}],"predecessor-version":[{"id":33059,"href":"https:\/\/www.egemtv.com\/index.php?rest_route=\/wp\/v2\/posts\/33057\/revisions\/33059"}],"wp:featuredmedia":[{"embeddable":true,"href":"https:\/\/www.egemtv.com\/index.php?rest_route=\/wp\/v2\/media\/33058"}],"wp:attachment":[{"href":"https:\/\/www.egemtv.com\/index.php?rest_route=%2Fwp%2Fv2%2Fmedia&parent=33057"}],"wp:term":[{"taxonomy":"category","embeddable":true,"href":"https:\/\/www.egemtv.com\/index.php?rest_route=%2Fwp%2Fv2%2Fcategories&post=33057"},{"taxonomy":"post_tag","embeddable":true,"href":"https:\/\/www.egemtv.com\/index.php?rest_route=%2Fwp%2Fv2%2Ftags&post=33057"}],"curies":[{"name":"wp","href":"https:\/\/api.w.org\/{rel}","templated":true}]}}