{"id":33054,"date":"2025-06-04T15:36:39","date_gmt":"2025-06-04T12:36:39","guid":{"rendered":"https:\/\/www.egemtv.com\/?p=33054"},"modified":"2025-06-04T15:36:44","modified_gmt":"2025-06-04T12:36:44","slug":"sokede-renkli-cevre-gunu-etkinligi","status":"publish","type":"post","link":"https:\/\/www.egemtv.com\/?p=33054","title":{"rendered":"S\u00f6ke\u2019de renkli \u00e7evre g\u00fcn\u00fc etkinli\u011fi"},"content":{"rendered":"<p>S\u00f6ke Belediyesi S\u0131f\u0131r At\u0131k ve \u0130klim De\u011fi\u015fikli\u011fi M\u00fcd\u00fcrl\u00fc\u011f\u00fc \u00f6nc\u00fcl\u00fc\u011f\u00fcnde d\u00fczenlenen  \u2019D\u00fcnya \u00c7evre G\u00fcn\u00fc\u2019 etkinli\u011fi, U\u011fur Mumcu Park\u0131\u2019nda renkli g\u00f6r\u00fcnt\u00fclerle ger\u00e7ekle\u015ftirildi.<\/p>\n<p>Her y\u0131l fark\u0131ndal\u0131k olu\u015fturmak ad\u0131na ger\u00e7ekle\u015ftirilen D\u00fcnya \u00c7evre G\u00fcn\u00fc etkinli\u011fine okullar da destek verdi. Etkinlikte Geri d\u00f6n\u00fc\u015f\u00fcm malzemelerinden yap\u0131lan giysi defilesi, geri d\u00f6n\u00fc\u015f\u00fcm obje sergisi yer al\u0131rken; tohum toplar\u0131 ve kompost g\u00fcbre da\u011f\u0131t\u0131m\u0131 da yap\u0131ld\u0131.<\/p>\n<p>S\u00f6ke Belediye Ba\u015fkan\u0131 Dr. Mustafa \u0130berya Ar\u0131kan, \u0130l\u00e7e Milli E\u011fiitm M\u00fcd\u00fcr\u00fc \u015eerafettin Yap\u0131c\u0131, Atat\u00fcrk Mahalle Muhtar\u0131 Arda Canbul ba\u015fta olmak \u00fczere sivil toplum kurulu\u015flar\u0131n\u0131n temsilcileri, vatanda\u015flar ve \u00f6\u011frenciler \u00e7evre bilincine dikkat \u00e7ekmek i\u00e7in bir araya geldi. Ba\u015fkan Ar\u0131kan yapt\u0131\u011f\u0131 konu\u015fmas\u0131nda \u00e7evre bilincinin \u00f6nce ailede ba\u015flad\u0131\u011f\u0131na vurgu yapt\u0131. Ba\u015fkan Ar\u0131kan, &#8220;S\u0131f\u0131r At\u0131k ve \u0130klim De\u011fi\u015fikli\u011fi M\u00fcd\u00fcrl\u00fc\u011f\u00fcm\u00fcz\u00fc ziyaret edin, yap\u0131lan \u00e7al\u0131\u015fmalar\u0131 yerinde inceleyin&#8221; \u00e7a\u011fr\u0131s\u0131 yapt\u0131.<\/p>\n<p>Ba\u015fkan Ar\u0131kan, &#8220;E\u011fer biz \u00e7evremizi korumazsak, bunun \u00f6nemini \u00e7ocuklar\u0131m\u0131za anlatmazsak, yar\u0131n ya\u015fanacak bir il\u00e7e, bir il bir \u00fclke bulamay\u0131z. \u00c7evre bizim sonumuz olur. Bizler yerel y\u00f6netimler olarak maddi g\u00fcc\u00fcm\u00fcz do\u011frultusunda gerekli hassasiyeti, gerekli \u00e7al\u0131\u015fmalar\u0131 yap\u0131yoruz. Biz ne kadar m\u00fccadele edersek edelim e\u011fer halk bu noktada bilin\u00e7li de\u011filse, maalesef yapm\u0131\u015f oldu\u011fumuz \u00e7al\u0131\u015fmalar nihayete ula\u015fam\u0131yor. Avrupa\u2019n\u0131n geli\u015fmi\u015f \u00fclkelerine gitti\u011finizde yerde bir tane \u00e7\u00f6p bulman\u0131z m\u00fcmk\u00fcn de\u011fil. Bu sadece cezai yapt\u0131r\u0131mlarla olacak bir \u015fey oldu\u011funu d\u00fc\u015f\u00fcnm\u00fcyorum. Bu e\u011fitimle olacak, \u00f6nce ailedeki e\u011fitim ile sonra okuldaki e\u011fitimle olacak bir \u015fey. Sevgili veliler \u00e7ocuklar\u0131m\u0131za bunun \u00f6nemini defaatle anlatman\u0131z\u0131 rica ediyorum&#8221; dedi.<\/p>\n<p>Ba\u015fkan Ar\u0131kan konu\u015fmas\u0131n\u0131n devam\u0131nda, &#8220;S\u0131f\u0131r At\u0131k ve \u0130klim De\u011fi\u015fikli\u011fi M\u00fcd\u00fcrl\u00fc\u011f\u00fc\u2019n\u00fc kurduk. M\u00fcd\u00fcrl\u00fc\u011f\u00fcm\u00fcz\u00fcn \u015fantiye alan\u0131na g\u00fczel bir tesis kurduk. Zaman\u0131n\u0131z olursa buray\u0131 \u00e7ocuklar\u0131n\u0131zla birlikte gezmenizi yapt\u0131\u011f\u0131m\u0131z \u00e7al\u0131\u015fmalar hakk\u0131nda bilgi alman\u0131z\u0131 dilerim. Bug\u00fcn burada geri d\u00f6n\u00fc\u015f\u00fcm \u00e7al\u0131\u015fmalar\u0131m\u0131zdan bir tanesi &#8220;Kompost&#8221; \u00fcretimlerimizi g\u00f6r\u00fcyorsunuz. \u00c7ok \u00f6nemsedi\u011fimiz bu projemizde bah\u00e7e at\u0131klar\u0131n\u0131n geri d\u00f6n\u00fc\u015ft\u00fcr\u00fclmesi ile \u00fcretilen kompostlar\u0131m\u0131z\u0131n \u00e7evreye b\u00fcy\u00fck katk\u0131s\u0131 var. G\u00f6n\u00fcl ister ki daha b\u00fcy\u00fck geri d\u00f6n\u00fc\u015f\u00fcm tesisleri kural\u0131m, b\u00f6ylece moloz at\u0131klar\u0131, pil at\u0131klar\u0131, beyaz e\u015fya at\u0131klar\u0131 olmas\u0131n, onlar\u0131 da d\u00f6n\u00fc\u015ft\u00fcrelim&#8221; diye konu\u015ftu.<\/p>\n<p>Etkinlikte Okullar Aras\u0131 \u00d6d\u00fcll\u00fc At\u0131k Pil Toplama Yar\u0131\u015fmas\u0131 dereceye giren \u00f6\u011frencilere, \u00f6d\u00fcllerini ve ba\u015far\u0131 belgeleri de takdim edildi.<br \/><\/p>\n","protected":false},"excerpt":{"rendered":"<p>S\u00f6ke Belediyesi S\u0131f\u0131r At\u0131k ve \u0130klim De\u011fi\u015fikli\u011fi M\u00fcd\u00fcrl\u00fc\u011f\u00fc \u00f6nc\u00fcl\u00fc\u011f\u00fcnde d\u00fczenlenen \u2019D\u00fcnya \u00c7evre G\u00fcn\u00fc\u2019 etkinli\u011fi, U\u011fur Mumcu Park\u0131\u2019nda renkli g\u00f6r\u00fcnt\u00fclerle ger\u00e7ekle\u015ftirildi. Her y\u0131l fark\u0131ndal\u0131k olu\u015fturmak ad\u0131na ger\u00e7ekle\u015ftirilen D\u00fcnya \u00c7evre G\u00fcn\u00fc etkinli\u011fine okullar da destek verdi. Etkinlikte Geri d\u00f6n\u00fc\u015f\u00fcm malzemelerinden yap\u0131lan giysi defilesi, geri d\u00f6n\u00fc\u015f\u00fcm obje sergisi yer al\u0131rken; tohum toplar\u0131 ve kompost g\u00fcbre da\u011f\u0131t\u0131m\u0131 da yap\u0131ld\u0131&#8230;.<\/p>\n","protected":false},"author":1,"featured_media":33055,"comment_status":"open","ping_status":"open","sticky":false,"template":"","format":"standard","meta":{"_crdt_document":"","footnotes":""},"categories":[1],"tags":[],"class_list":["post-33054","post","type-post","status-publish","format-standard","has-post-thumbnail","hentry","category-guncel"],"_links":{"self":[{"href":"https:\/\/www.egemtv.com\/index.php?rest_route=\/wp\/v2\/posts\/33054","targetHints":{"allow":["GET"]}}],"collection":[{"href":"https:\/\/www.egemtv.com\/index.php?rest_route=\/wp\/v2\/posts"}],"about":[{"href":"https:\/\/www.egemtv.com\/index.php?rest_route=\/wp\/v2\/types\/post"}],"author":[{"embeddable":true,"href":"https:\/\/www.egemtv.com\/index.php?rest_route=\/wp\/v2\/users\/1"}],"replies":[{"embeddable":true,"href":"https:\/\/www.egemtv.com\/index.php?rest_route=%2Fwp%2Fv2%2Fcomments&post=33054"}],"version-history":[{"count":1,"href":"https:\/\/www.egemtv.com\/index.php?rest_route=\/wp\/v2\/posts\/33054\/revisions"}],"predecessor-version":[{"id":33056,"href":"https:\/\/www.egemtv.com\/index.php?rest_route=\/wp\/v2\/posts\/33054\/revisions\/33056"}],"wp:featuredmedia":[{"embeddable":true,"href":"https:\/\/www.egemtv.com\/index.php?rest_route=\/wp\/v2\/media\/33055"}],"wp:attachment":[{"href":"https:\/\/www.egemtv.com\/index.php?rest_route=%2Fwp%2Fv2%2Fmedia&parent=33054"}],"wp:term":[{"taxonomy":"category","embeddable":true,"href":"https:\/\/www.egemtv.com\/index.php?rest_route=%2Fwp%2Fv2%2Fcategories&post=33054"},{"taxonomy":"post_tag","embeddable":true,"href":"https:\/\/www.egemtv.com\/index.php?rest_route=%2Fwp%2Fv2%2Ftags&post=33054"}],"curies":[{"name":"wp","href":"https:\/\/api.w.org\/{rel}","templated":true}]}}