{"id":33051,"date":"2025-06-04T15:16:48","date_gmt":"2025-06-04T12:16:48","guid":{"rendered":"https:\/\/www.egemtv.com\/?p=33051"},"modified":"2025-06-04T15:16:52","modified_gmt":"2025-06-04T12:16:52","slug":"baskan-dogan-doga-temiz-su-ve-temiz-cevre-bizim-icin-cok-kiymetli","status":"publish","type":"post","link":"https:\/\/www.egemtv.com\/?p=33051","title":{"rendered":"Ba\u015fkan Do\u011fan; &#8220;Do\u011fa, temiz su ve temiz \u00e7evre bizim i\u00e7in \u00e7ok k\u0131ymetli&#8221;"},"content":{"rendered":"<p>Merkezefendi Belediyesi taraf\u0131ndan 5-11 Haziran D\u00fcnya \u00c7evre Haftas\u0131 dolay\u0131s\u0131yla etkinlik d\u00fczenlendi. Merkezefendi Belediye Ba\u015fkan\u0131 \u015eeniz Do\u011fan, &#8220;Bizlerin en \u00f6nemli g\u00f6revi gelecek nesillere temiz bir \u00e7evre ve temiz bir su b\u0131rakmak&#8221; dedi.<\/p>\n<p>Daha ya\u015fanabilir, daha temiz ve daha ye\u015fil bir il\u00e7e i\u00e7in \u00e7al\u0131\u015fan Merkezefendi Belediyesi, \u00e7evre bilinciyle faaliyetlerini s\u00fcrd\u00fcr\u00fcyor. Merkezefendi Belediyesi taraf\u0131ndan her y\u0131l oldu\u011fu gibi bu y\u0131l da 5-11 Haziran D\u00fcnya \u00c7evre Haftas\u0131\u2019na \u00f6zel etkinlik ger\u00e7ekle\u015ftirdi. Bereketler Toplant\u0131 ve Sergi Salonu\u2019ndaki etkinlikte Merkezefendi Belediye Ba\u015fkan\u0131 \u015eeniz Do\u011fan, \u00f6\u011frencilerin geri d\u00f6n\u00fc\u015f\u00fcm malzemeleriyle yapt\u0131\u011f\u0131 \u00fcr\u00fcnlerin yer ald\u0131\u011f\u0131 sergiyi inceledi, \u00e7evre bilinci konusunda \u00f6\u011frencilerle konu\u015ftu. Geri d\u00f6n\u00fc\u015f\u00fcm temal\u0131 sergi, Ba\u015fkan Do\u011fan\u2019dan tam not ald\u0131. Program\u0131n son k\u0131sm\u0131nda ise Ba\u015fkan Do\u011fan, \u00e7evreye olan katk\u0131lar\u0131ndan dolay\u0131 okul y\u00f6neticilerine plaket takdim etti.<\/p>\n<p>&#8220;Merkezefendi\u2019de ya\u015fayan her canl\u0131ya hizmet ediyoruz&#8221;<br \/>\n<br \/>Do\u011fan\u0131n k\u0131ymetini bildiklerini ve do\u011faya y\u00f6nelik \u00e7al\u0131\u015fmalar ger\u00e7ekle\u015ftirdiklerini belirten Merkezefendi Belediye Ba\u015fkan\u0131 \u015eeniz Do\u011fan, &#8220;Biz Merkezefendi\u2019de ya\u015fayan her canl\u0131ya hizmet ediyoruz. Bunun i\u00e7inde do\u011fa var bitki \u00f6rt\u00fcs\u00fc ve sokak hayvanlar\u0131 da var. Do\u011fan\u0131n, temiz suyun ve temiz \u00e7evre, ne kadar k\u0131ymetli oldu\u011funu anlad\u0131k. Biraz daha \u00e7evreye kar\u015f\u0131 fark\u0131ndal\u0131\u011f\u0131n ve bilincin bu tarihten sonra daha da artt\u0131\u011f\u0131n\u0131 d\u00fc\u015f\u00fcn\u00fcyorum. Bizlerin en \u00f6nemli g\u00f6revi gelecek nesillere temiz bir \u00e7evre ve temiz bir su b\u0131rakmak oldu\u011funu d\u00fc\u015f\u00fcn\u00fcyorum. Denizlimiz ve Merkezefendimizde ya\u015fad\u0131\u011f\u0131m\u0131z en b\u00fcy\u00fck s\u0131k\u0131nt\u0131lardan bir tanesi de su. Art\u0131k temiz suya ula\u015fmam\u0131z giderek zorla\u015f\u0131yor. Suyu d\u00fczenli ve gerekti\u011finde kullanmam\u0131z \u00e7ok \u00f6nemli. Bizde bu anlamda Merkezefendi Belediyesi olarak \u00f6nlemlerimizi al\u0131yoruz. Merkezefendi Belediyemizin \u2018S\u0131f\u0131r At\u0131k\u2019 belgesi var biz bu belgeyi alan ilk belediyelerden bir tanesiyiz. \u00c7evre bilinciyle bizlerde belediye olarak il\u00e7emizde At\u0131k Toplama Kumbaralar\u0131, At\u0131k Toplama Merkezi ve Geri D\u00f6n\u00fc\u015f\u00fcm Park\u0131 yapt\u0131k. Ayr\u0131ca Sokak Canl\u0131lar\u0131na Mama \u00dcretiyoruz ve geri d\u00f6n\u00fc\u015f\u00fcm i\u00e7in Mavi ve Siyah \u00c7\u00f6p Po\u015feti da\u011f\u0131t\u0131yoruz. Merkezefendi Belediyesi olarak hem d\u00f6n\u00fc\u015f\u00fcme katk\u0131da bulunuyoruz, hem de belediyemizin tasarruf etmesin i\u00e7in m\u00fccadele ediyoruz&#8221; dedi.<br \/><\/p>\n","protected":false},"excerpt":{"rendered":"<p>Merkezefendi Belediyesi taraf\u0131ndan 5-11 Haziran D\u00fcnya \u00c7evre Haftas\u0131 dolay\u0131s\u0131yla etkinlik d\u00fczenlendi. Merkezefendi Belediye Ba\u015fkan\u0131 \u015eeniz Do\u011fan, &#8220;Bizlerin en \u00f6nemli g\u00f6revi gelecek nesillere temiz bir \u00e7evre ve temiz bir su b\u0131rakmak&#8221; dedi. Daha ya\u015fanabilir, daha temiz ve daha ye\u015fil bir il\u00e7e i\u00e7in \u00e7al\u0131\u015fan Merkezefendi Belediyesi, \u00e7evre bilinciyle faaliyetlerini s\u00fcrd\u00fcr\u00fcyor. Merkezefendi Belediyesi taraf\u0131ndan her y\u0131l oldu\u011fu gibi&#8230;<\/p>\n","protected":false},"author":1,"featured_media":33052,"comment_status":"open","ping_status":"open","sticky":false,"template":"","format":"standard","meta":{"_crdt_document":"","footnotes":""},"categories":[1],"tags":[],"class_list":["post-33051","post","type-post","status-publish","format-standard","has-post-thumbnail","hentry","category-guncel"],"_links":{"self":[{"href":"https:\/\/www.egemtv.com\/index.php?rest_route=\/wp\/v2\/posts\/33051","targetHints":{"allow":["GET"]}}],"collection":[{"href":"https:\/\/www.egemtv.com\/index.php?rest_route=\/wp\/v2\/posts"}],"about":[{"href":"https:\/\/www.egemtv.com\/index.php?rest_route=\/wp\/v2\/types\/post"}],"author":[{"embeddable":true,"href":"https:\/\/www.egemtv.com\/index.php?rest_route=\/wp\/v2\/users\/1"}],"replies":[{"embeddable":true,"href":"https:\/\/www.egemtv.com\/index.php?rest_route=%2Fwp%2Fv2%2Fcomments&post=33051"}],"version-history":[{"count":1,"href":"https:\/\/www.egemtv.com\/index.php?rest_route=\/wp\/v2\/posts\/33051\/revisions"}],"predecessor-version":[{"id":33053,"href":"https:\/\/www.egemtv.com\/index.php?rest_route=\/wp\/v2\/posts\/33051\/revisions\/33053"}],"wp:featuredmedia":[{"embeddable":true,"href":"https:\/\/www.egemtv.com\/index.php?rest_route=\/wp\/v2\/media\/33052"}],"wp:attachment":[{"href":"https:\/\/www.egemtv.com\/index.php?rest_route=%2Fwp%2Fv2%2Fmedia&parent=33051"}],"wp:term":[{"taxonomy":"category","embeddable":true,"href":"https:\/\/www.egemtv.com\/index.php?rest_route=%2Fwp%2Fv2%2Fcategories&post=33051"},{"taxonomy":"post_tag","embeddable":true,"href":"https:\/\/www.egemtv.com\/index.php?rest_route=%2Fwp%2Fv2%2Ftags&post=33051"}],"curies":[{"name":"wp","href":"https:\/\/api.w.org\/{rel}","templated":true}]}}