{"id":33048,"date":"2025-06-04T15:16:43","date_gmt":"2025-06-04T12:16:43","guid":{"rendered":"https:\/\/www.egemtv.com\/?p=33048"},"modified":"2025-06-04T15:16:47","modified_gmt":"2025-06-04T12:16:47","slug":"bergamada-rekor-uyusturucu-operasyonu","status":"publish","type":"post","link":"https:\/\/www.egemtv.com\/?p=33048","title":{"rendered":"Bergama\u2019da rekor uyu\u015fturucu operasyonu"},"content":{"rendered":"<p>\u0130zmir\u2019in Bergama il\u00e7esinde iki ayr\u0131 adrese d\u00fczenlenen e\u015f zamanl\u0131 uyu\u015fturucu operasyonunda 5 bin 990 adet sentetik ecza hap\u0131 ele ge\u00e7irildi. Bu miktar, Bergama\u2019da \u015fimdiye kadar tek seferde ele ge\u00e7irilen en y\u00fcksek uyu\u015fturucu hap miktar\u0131 olarak kay\u0131tlara ge\u00e7ti.<br \/>\n<br \/>Bergama polisi, bug\u00fcne kadar il\u00e7ede tek seferde ele ge\u00e7irilen en y\u00fcksek miktardaki uyu\u015fturucu hap\u0131n yakaland\u0131\u011f\u0131 bir operasyona imza att\u0131. Edinilen bilgiye g\u00f6re, Bergama Narkotik Su\u00e7larla M\u00fccadele B\u00fcro Amirli\u011fi \u00f6nc\u00fcl\u00fc\u011f\u00fcnde y\u00fcr\u00fct\u00fclen operasyonda Fatih Mahallesi\u2019nde bulunan iki ayr\u0131 adrese e\u015f zamanl\u0131 bask\u0131n yap\u0131ld\u0131. 3 \u015f\u00fcphelinin g\u00f6zalt\u0131na al\u0131nd\u0131\u011f\u0131 bask\u0131nda, toplam 5 bin 990 adet sentetik ecza hap\u0131 ele ge\u00e7irildi. Bu miktar, Bergama\u2019da \u015fimdiye kadar tek seferde ele ge\u00e7irilen en y\u00fcksek uyu\u015fturucu hap miktar\u0131 olarak kay\u0131tlara ge\u00e7ti.<br \/>\n<br \/>G\u00f6zalt\u0131na al\u0131nan 3 ki\u015fi, emniyetteki i\u015flemlerinin ard\u0131ndan adliyeye sevk edildi. \u015e\u00fcphelilerden biri serbest b\u0131rak\u0131l\u0131rken, 2 ki\u015fi tutuklanarak cezaevine g\u00f6nderildi.<br \/><\/p>\n","protected":false},"excerpt":{"rendered":"<p>\u0130zmir\u2019in Bergama il\u00e7esinde iki ayr\u0131 adrese d\u00fczenlenen e\u015f zamanl\u0131 uyu\u015fturucu operasyonunda 5 bin 990 adet sentetik ecza hap\u0131 ele ge\u00e7irildi. Bu miktar, Bergama\u2019da \u015fimdiye kadar tek seferde ele ge\u00e7irilen en y\u00fcksek uyu\u015fturucu hap miktar\u0131 olarak kay\u0131tlara ge\u00e7ti. Bergama polisi, bug\u00fcne kadar il\u00e7ede tek seferde ele ge\u00e7irilen en y\u00fcksek miktardaki uyu\u015fturucu hap\u0131n yakaland\u0131\u011f\u0131 bir operasyona imza&#8230;<\/p>\n","protected":false},"author":1,"featured_media":33049,"comment_status":"open","ping_status":"open","sticky":false,"template":"","format":"standard","meta":{"_crdt_document":"","footnotes":""},"categories":[5],"tags":[],"class_list":["post-33048","post","type-post","status-publish","format-standard","has-post-thumbnail","hentry","category-asayis"],"_links":{"self":[{"href":"https:\/\/www.egemtv.com\/index.php?rest_route=\/wp\/v2\/posts\/33048","targetHints":{"allow":["GET"]}}],"collection":[{"href":"https:\/\/www.egemtv.com\/index.php?rest_route=\/wp\/v2\/posts"}],"about":[{"href":"https:\/\/www.egemtv.com\/index.php?rest_route=\/wp\/v2\/types\/post"}],"author":[{"embeddable":true,"href":"https:\/\/www.egemtv.com\/index.php?rest_route=\/wp\/v2\/users\/1"}],"replies":[{"embeddable":true,"href":"https:\/\/www.egemtv.com\/index.php?rest_route=%2Fwp%2Fv2%2Fcomments&post=33048"}],"version-history":[{"count":1,"href":"https:\/\/www.egemtv.com\/index.php?rest_route=\/wp\/v2\/posts\/33048\/revisions"}],"predecessor-version":[{"id":33050,"href":"https:\/\/www.egemtv.com\/index.php?rest_route=\/wp\/v2\/posts\/33048\/revisions\/33050"}],"wp:featuredmedia":[{"embeddable":true,"href":"https:\/\/www.egemtv.com\/index.php?rest_route=\/wp\/v2\/media\/33049"}],"wp:attachment":[{"href":"https:\/\/www.egemtv.com\/index.php?rest_route=%2Fwp%2Fv2%2Fmedia&parent=33048"}],"wp:term":[{"taxonomy":"category","embeddable":true,"href":"https:\/\/www.egemtv.com\/index.php?rest_route=%2Fwp%2Fv2%2Fcategories&post=33048"},{"taxonomy":"post_tag","embeddable":true,"href":"https:\/\/www.egemtv.com\/index.php?rest_route=%2Fwp%2Fv2%2Ftags&post=33048"}],"curies":[{"name":"wp","href":"https:\/\/api.w.org\/{rel}","templated":true}]}}