{"id":33045,"date":"2025-06-04T15:16:38","date_gmt":"2025-06-04T12:16:38","guid":{"rendered":"https:\/\/www.egemtv.com\/?p=33045"},"modified":"2025-06-04T15:16:43","modified_gmt":"2025-06-04T12:16:43","slug":"izmirde-grev-bitiyor-7inci-gununde-isciler-kararini-verdi","status":"publish","type":"post","link":"https:\/\/www.egemtv.com\/?p=33045","title":{"rendered":"\u0130zmir\u2019de grev bitiyor; 7\u2019inci g\u00fcn\u00fcnde i\u015f\u00e7iler karar\u0131n\u0131 verdi"},"content":{"rendered":"<p>\u0130zmir B\u00fcy\u00fck\u015fehir Belediyesi\u2019ne ba\u011fl\u0131 i\u015ftiraklerde \u00e7al\u0131\u015fan 23 bin i\u015f\u00e7inin 7 g\u00fcn \u00f6nce ba\u015flatt\u0131\u011f\u0131 grevle ilgili fla\u015f bir geli\u015fme ya\u015fand\u0131. Grevin devam\u0131 yada tamamlanmas\u0131 noktas\u0131nda oylama yapan i\u015f\u00e7iler toplu s\u00f6zle\u015fmenin imzalama yetkisini sendika \u015fube y\u00f6neticilerine vermeyi kararla\u015ft\u0131rd\u0131.<\/p>\n<p>\u0130zmir B\u00fcy\u00fck\u015fehir Belediyesi ile D\u0130SK Genel-\u0130\u015f aras\u0131nda 23 bin \u00e7al\u0131\u015fan\u0131 ilgilendiren toplu i\u015f s\u00f6zle\u015fmesi g\u00f6r\u00fc\u015fmelerinden sonu\u00e7 \u00e7\u0131kmay\u0131nca \u0130ZELMAN, \u0130ZENERJ\u0130 ve Ege\u015fehir\u2019de \u00e7al\u0131\u015fan binlerce i\u015f\u00e7i 29 May\u0131s g\u00fcn\u00fc greve gitti. 7 g\u00fcnd\u00fcr devam eden grevde, i\u015f\u00e7iler yapt\u0131klar\u0131 y\u00fcr\u00fcy\u00fc\u015f ve toplant\u0131larla, eylemlerinde att\u0131klar\u0131 sloganlarla seslerini duyurmaya \u00e7al\u0131\u015ft\u0131. Di\u011fer yandan, ba\u015fta ula\u015f\u0131m olmak \u00fczere bir\u00e7ok hizmetin durma noktas\u0131na geldi\u011fi \u0130zmir\u2019de, ula\u015f\u0131mla birlikte \u00e7\u00f6plerin de toplanmamas\u0131 da vatanda\u015f\u0131 ma\u011fdur etti.<\/p>\n<p>&#8220;Bu T\u0130S\u2019i imzalayaca\u011f\u0131z&#8221;<br \/>\n<br \/>K\u00fclt\u00fcrpark\u2019ta bulunan B\u00fcy\u00fck\u015fehir Belediyesi binas\u0131 \u00f6n\u00fcnde a\u00e7\u0131klama yapan Genel \u0130\u015f \u0130zmir 2 Nolu \u015eube Ba\u015fkan\u0131 Ercan G\u00fcl, &#8220;\u00d6rg\u00fct\u00fcn ikiye b\u00f6l\u00fcnece\u011fini g\u00f6rd\u00fc\u011f\u00fcm\u00fcz yerde bir karar almak zorunday\u0131z. E\u011fer bize yetki verirseniz T\u0130S\u2019i son a\u015famas\u0131n\u0131 birlikte sa\u011flayaca\u011f\u0131z. Yetki vermezseniz kimseye al\u0131nmay\u0131z. Ba\u015far\u0131s\u0131zl\u0131\u011f\u0131n sonucuna katlan\u0131r\u0131z. Buralarda g\u00fc\u00e7l\u00fc olmak istiyorsak i\u015fverenin yar\u0131nlar\u0131nda sald\u0131r\u0131lar\u0131na kar\u015f\u0131 durmak istiyorsak bir arada durmal\u0131y\u0131z. Yetkiyi verdiniz, hangi anlamda verdiyseniz sayg\u0131 duyuyorum ama ben burada yar\u0131nlar\u0131 d\u00fc\u015f\u00fcnerek, sizleri d\u00fc\u015f\u00fcnerek, ekme\u011fimizi d\u00fc\u015f\u00fcnerek, temsilci arkada\u015flar\u0131m\u0131zdan ald\u0131\u011f\u0131m\u0131z karar do\u011frultusunda yaln\u0131zla\u015fmamak ad\u0131na \u0130ZELMAN\u2019\u0131n imzalad\u0131\u011f\u0131 gibi bu T\u0130S\u2019i imzalamak istiyoruz&#8221; dedi.<\/p>\n<p>&#8220;Bir haber geldi\u011finde gidece\u011fiz&#8221;<br \/>\n<br \/>G\u00fcl, 1 ve 3 Nolu \u015eubelerin g\u00f6r\u00fc\u015fmeye gitti\u011fini, kendilerine de haber geldi\u011finde gideceklerini s\u00f6yleyerek, &#8220;D\u00fcnk\u00fc yapm\u0131\u015f oldu\u011fumuz g\u00f6r\u00fc\u015fme neticesinde biz temsilciler kurulunu ger\u00e7ekle\u015ftirdik. Ufak bir p\u00fcr\u00fcz vard\u0131. O p\u00fcr\u00fcz h\u00e2l\u00e2 devam ediyor. \u015eu an CHP Genel Ba\u015fkan Yard\u0131mc\u0131lar\u0131 ile toplant\u0131 yap\u0131l\u0131yor. Ger\u00e7ekten takdire \u015fayan, bize yak\u0131\u015f\u0131r bir m\u00fccadele verdik. Tek derdimiz e\u015fit i\u015fe, e\u015fit \u00fccret almakt\u0131. Geldi\u011fimiz yerde talep edilenler e\u015fitli\u011fin enflasyondaki 19\u2019la beraber 50 TL gibi bir fark kal\u0131yor. Bir \u00e7\u0131kmaz\u0131n i\u00e7inde \u00e7\u0131kar yol ar\u0131yoruz \u00e7\u00fcnk\u00fc 3 ve 1 Nolu \u015eubelerimiz g\u00f6r\u00fc\u015fmeye gitti. \u00d6nce onlarla sonra bizimle g\u00f6r\u00fc\u015fecekler. Biz de haber geldi\u011finde gidece\u011fiz. Saatler ge\u00e7tik\u00e7e ortam geriliyor&#8221; dedi.<\/p>\n<p>&#8220;Yetkiyi veriyor musunuz?&#8221;<br \/>\n<br \/>Alandaki i\u015f\u00e7ilere \u2018yetkiyi veriyor musunuz?\u2019 diye seslenen G\u00fcl, a\u00e7\u0131klamas\u0131nda \u015fu ifadelere yer verdi &#8220;Ayk\u0131r\u0131 davrand\u0131\u011f\u0131m\u0131zda neyle kar\u015f\u0131 kar\u015f\u0131ya olaca\u011f\u0131m\u0131z\u0131 biliyoruz. Genel Merkez m\u00fcdahale eder kayg\u0131lar\u0131 vard\u0131, bunlar\u0131n yanl\u0131\u015f oldu\u011fu g\u00f6r\u00fcld\u00fc. Yar\u0131nlara daha g\u00fc\u00e7l\u00fc girmek istiyorsak \u00f6nce \u00f6rg\u00fctl\u00fcl\u00fc\u011f\u00fc korumal\u0131y\u0131z. Belki i\u00e7inizden tepki g\u00f6steren olacakt\u0131r ancak ben sand\u0131k kurulmas\u0131ndan yana de\u011filim ancak bu \u015fekilde \u00f6rg\u00fct\u00fcn ikiye b\u00f6l\u00fcnece\u011fini g\u00f6rd\u00fc\u011f\u00fcm\u00fcz yerde bir karar almak zorunday\u0131z. E\u011fer bize yetki verirseniz T\u0130S\u2019i son noktaya getirece\u011fiz. Yetki vermezseniz de k\u0131r\u0131lmay\u0131z. Buralarda g\u00fc\u00e7l\u00fc olmak istiyorsak i\u015fverenin yar\u0131nlar\u0131nda sald\u0131r\u0131lar\u0131na kar\u015f\u0131 durmak istiyorsak bir arada durmal\u0131y\u0131z. Bize imza yetkisini veriyor musunuz? Yetkiyi verdiniz, hangi anlamda verdiyseniz sayg\u0131 duyuyorum ama ben burada yar\u0131nlar\u0131 d\u00fc\u015f\u00fcnerek, yaln\u0131zla\u015fmamak ad\u0131na \u0130ZELMAN\u2019\u0131n imzalad\u0131\u011f\u0131 gibi bu T\u0130S\u2019i imzalamak istiyoruz. Bu g\u00fcveninizi asla bo\u015fa \u00e7\u0131karmayaca\u011f\u0131m.&#8221;<br \/><\/p>\n","protected":false},"excerpt":{"rendered":"<p>\u0130zmir B\u00fcy\u00fck\u015fehir Belediyesi\u2019ne ba\u011fl\u0131 i\u015ftiraklerde \u00e7al\u0131\u015fan 23 bin i\u015f\u00e7inin 7 g\u00fcn \u00f6nce ba\u015flatt\u0131\u011f\u0131 grevle ilgili fla\u015f bir geli\u015fme ya\u015fand\u0131. Grevin devam\u0131 yada tamamlanmas\u0131 noktas\u0131nda oylama yapan i\u015f\u00e7iler toplu s\u00f6zle\u015fmenin imzalama yetkisini sendika \u015fube y\u00f6neticilerine vermeyi kararla\u015ft\u0131rd\u0131. \u0130zmir B\u00fcy\u00fck\u015fehir Belediyesi ile D\u0130SK Genel-\u0130\u015f aras\u0131nda 23 bin \u00e7al\u0131\u015fan\u0131 ilgilendiren toplu i\u015f s\u00f6zle\u015fmesi g\u00f6r\u00fc\u015fmelerinden sonu\u00e7 \u00e7\u0131kmay\u0131nca \u0130ZELMAN, \u0130ZENERJ\u0130&#8230;<\/p>\n","protected":false},"author":1,"featured_media":33046,"comment_status":"open","ping_status":"open","sticky":false,"template":"","format":"standard","meta":{"_crdt_document":"","footnotes":""},"categories":[1],"tags":[],"class_list":["post-33045","post","type-post","status-publish","format-standard","has-post-thumbnail","hentry","category-guncel"],"_links":{"self":[{"href":"https:\/\/www.egemtv.com\/index.php?rest_route=\/wp\/v2\/posts\/33045","targetHints":{"allow":["GET"]}}],"collection":[{"href":"https:\/\/www.egemtv.com\/index.php?rest_route=\/wp\/v2\/posts"}],"about":[{"href":"https:\/\/www.egemtv.com\/index.php?rest_route=\/wp\/v2\/types\/post"}],"author":[{"embeddable":true,"href":"https:\/\/www.egemtv.com\/index.php?rest_route=\/wp\/v2\/users\/1"}],"replies":[{"embeddable":true,"href":"https:\/\/www.egemtv.com\/index.php?rest_route=%2Fwp%2Fv2%2Fcomments&post=33045"}],"version-history":[{"count":1,"href":"https:\/\/www.egemtv.com\/index.php?rest_route=\/wp\/v2\/posts\/33045\/revisions"}],"predecessor-version":[{"id":33047,"href":"https:\/\/www.egemtv.com\/index.php?rest_route=\/wp\/v2\/posts\/33045\/revisions\/33047"}],"wp:featuredmedia":[{"embeddable":true,"href":"https:\/\/www.egemtv.com\/index.php?rest_route=\/wp\/v2\/media\/33046"}],"wp:attachment":[{"href":"https:\/\/www.egemtv.com\/index.php?rest_route=%2Fwp%2Fv2%2Fmedia&parent=33045"}],"wp:term":[{"taxonomy":"category","embeddable":true,"href":"https:\/\/www.egemtv.com\/index.php?rest_route=%2Fwp%2Fv2%2Fcategories&post=33045"},{"taxonomy":"post_tag","embeddable":true,"href":"https:\/\/www.egemtv.com\/index.php?rest_route=%2Fwp%2Fv2%2Ftags&post=33045"}],"curies":[{"name":"wp","href":"https:\/\/api.w.org\/{rel}","templated":true}]}}