{"id":33036,"date":"2025-06-04T14:36:25","date_gmt":"2025-06-04T11:36:25","guid":{"rendered":"https:\/\/www.egemtv.com\/?p=33036"},"modified":"2025-06-04T14:36:29","modified_gmt":"2025-06-04T11:36:29","slug":"nesli-tehlike-altindaki-akdeniz-foku-kusadasinda-goruntulendi","status":"publish","type":"post","link":"https:\/\/www.egemtv.com\/?p=33036","title":{"rendered":"Nesli tehlike alt\u0131ndaki Akdeniz foku Ku\u015fadas\u0131\u2019nda g\u00f6r\u00fcnt\u00fclendi"},"content":{"rendered":"<p>Ayd\u0131n\u2019\u0131n Ku\u015fadas\u0131 il\u00e7esinde, nesli tehlike alt\u0131nda olan Akdeniz foku (monachus monachus), sualt\u0131 kameras\u0131yla g\u00f6r\u00fcnt\u00fclendi.<\/p>\n<p>Kemer\u00f6n\u00fc mevkinde dal\u0131\u015f yapan Sualt\u0131 Ara\u015ft\u0131rmalar\u0131 Derne\u011fi\u2019ne (SAD) ba\u011fl\u0131 Akdeniz Foku Ara\u015ft\u0131rma Grubu (SAD-AFAG) dalg\u0131c\u0131 Sel\u00e7uk Ar\u0131, tesad\u00fcfen sualt\u0131 kameras\u0131yla bir Akdeniz foku g\u00f6r\u00fcnt\u00fcledi. G\u00f6r\u00fcnt\u00fclerde, Akdeniz fokunun denizin alt\u0131nda y\u00fczd\u00fc\u011f\u00fc ve beslenmek i\u00e7in bal\u0131k arad\u0131\u011f\u0131 anlar yer ald\u0131. Akdeniz fokunun d\u00fcnyadaki n\u00fcfusunun yakla\u015f\u0131k 900, T\u00fcrkiye\u2019de ise 100-110 oldu\u011fu d\u00fc\u015f\u00fcn\u00fcl\u00fcyor.<\/p>\n<p>EKODOSD Ba\u015fkan\u0131 Bahattin S\u00fcr\u00fcc\u00fc, Akdeniz fokunun g\u00f6r\u00fcld\u00fc\u011f\u00fc b\u00f6lgenin Ku\u015fadas\u0131\u2019ndaki en bakir k\u0131y\u0131 \u015feridi oldu\u011fu s\u00f6yledi. Akdeniz fokunun burada bulunan k\u0131y\u0131 ma\u011faralar\u0131n\u0131 ya\u015fam alan\u0131 olarak kulland\u0131\u011f\u0131n\u0131 belirten S\u00fcr\u00fcc\u00fc, &#8220;T\u00fcrkiye, Avrupa Yaban Hayat\u0131n\u0131 Koruma S\u00f6zle\u015fmesi (BERN) gibi uluslararas\u0131 s\u00f6zle\u015fme h\u00fck\u00fcmlerine g\u00f6re Akdeniz foklar\u0131 ve ya\u015fam alanlar\u0131n\u0131n korunmas\u0131na taraf bir \u00fclke. Bu t\u00fcr\u00fcn ya\u015fam alan\u0131 olarak Ku\u015fadas\u0131\u2019n\u0131 se\u00e7mesi de bizim i\u00e7in b\u00fcy\u00fck bir \u015fans. Bu nedenle Kemer\u00f6n\u00fc mevki kesinlikle yap\u0131la\u015fmaya a\u00e7\u0131lmamal\u0131d\u0131r&#8221; diye konu\u015ftu.<br \/><\/p>\n","protected":false},"excerpt":{"rendered":"<p>Ayd\u0131n\u2019\u0131n Ku\u015fadas\u0131 il\u00e7esinde, nesli tehlike alt\u0131nda olan Akdeniz foku (monachus monachus), sualt\u0131 kameras\u0131yla g\u00f6r\u00fcnt\u00fclendi. Kemer\u00f6n\u00fc mevkinde dal\u0131\u015f yapan Sualt\u0131 Ara\u015ft\u0131rmalar\u0131 Derne\u011fi\u2019ne (SAD) ba\u011fl\u0131 Akdeniz Foku Ara\u015ft\u0131rma Grubu (SAD-AFAG) dalg\u0131c\u0131 Sel\u00e7uk Ar\u0131, tesad\u00fcfen sualt\u0131 kameras\u0131yla bir Akdeniz foku g\u00f6r\u00fcnt\u00fcledi. G\u00f6r\u00fcnt\u00fclerde, Akdeniz fokunun denizin alt\u0131nda y\u00fczd\u00fc\u011f\u00fc ve beslenmek i\u00e7in bal\u0131k arad\u0131\u011f\u0131 anlar yer ald\u0131. Akdeniz fokunun d\u00fcnyadaki&#8230;<\/p>\n","protected":false},"author":1,"featured_media":33037,"comment_status":"open","ping_status":"open","sticky":false,"template":"","format":"standard","meta":{"_crdt_document":"","footnotes":""},"categories":[1],"tags":[],"class_list":["post-33036","post","type-post","status-publish","format-standard","has-post-thumbnail","hentry","category-guncel"],"_links":{"self":[{"href":"https:\/\/www.egemtv.com\/index.php?rest_route=\/wp\/v2\/posts\/33036","targetHints":{"allow":["GET"]}}],"collection":[{"href":"https:\/\/www.egemtv.com\/index.php?rest_route=\/wp\/v2\/posts"}],"about":[{"href":"https:\/\/www.egemtv.com\/index.php?rest_route=\/wp\/v2\/types\/post"}],"author":[{"embeddable":true,"href":"https:\/\/www.egemtv.com\/index.php?rest_route=\/wp\/v2\/users\/1"}],"replies":[{"embeddable":true,"href":"https:\/\/www.egemtv.com\/index.php?rest_route=%2Fwp%2Fv2%2Fcomments&post=33036"}],"version-history":[{"count":1,"href":"https:\/\/www.egemtv.com\/index.php?rest_route=\/wp\/v2\/posts\/33036\/revisions"}],"predecessor-version":[{"id":33038,"href":"https:\/\/www.egemtv.com\/index.php?rest_route=\/wp\/v2\/posts\/33036\/revisions\/33038"}],"wp:featuredmedia":[{"embeddable":true,"href":"https:\/\/www.egemtv.com\/index.php?rest_route=\/wp\/v2\/media\/33037"}],"wp:attachment":[{"href":"https:\/\/www.egemtv.com\/index.php?rest_route=%2Fwp%2Fv2%2Fmedia&parent=33036"}],"wp:term":[{"taxonomy":"category","embeddable":true,"href":"https:\/\/www.egemtv.com\/index.php?rest_route=%2Fwp%2Fv2%2Fcategories&post=33036"},{"taxonomy":"post_tag","embeddable":true,"href":"https:\/\/www.egemtv.com\/index.php?rest_route=%2Fwp%2Fv2%2Ftags&post=33036"}],"curies":[{"name":"wp","href":"https:\/\/api.w.org\/{rel}","templated":true}]}}