{"id":33033,"date":"2025-06-04T14:36:21","date_gmt":"2025-06-04T11:36:21","guid":{"rendered":"https:\/\/www.egemtv.com\/?p=33033"},"modified":"2025-06-04T14:36:25","modified_gmt":"2025-06-04T11:36:25","slug":"turgutlu-belediyesinden-kabristanlara-ucretsiz-ulasim-destegi","status":"publish","type":"post","link":"https:\/\/www.egemtv.com\/?p=33033","title":{"rendered":"Turgutlu Belediyesinden kabristanlara \u00fccretsiz ula\u015f\u0131m deste\u011fi"},"content":{"rendered":"<p>Turgutlu Belediyesi, Kurban Bayram\u0131 dolay\u0131s\u0131yla kabristan ziyareti yapacak vatanda\u015flar i\u00e7in \u00fccretsiz seferler d\u00fczenleyecek. Otob\u00fcs seferleri, 5 Haziran Per\u015fembe (Arife) g\u00fcn\u00fc 09.00-17.00 saatleri aras\u0131nda yap\u0131lacak.<br \/>\n<br \/>Turgutlu Belediyesinin bayram \u00f6ncesinde kabristanlara sa\u011flad\u0131\u011f\u0131 ula\u015f\u0131m deste\u011fi bu Kurban Bayram\u0131\u2019nda da devam edecek. Turgutlu ve Irlamaz Mezarl\u0131klar\u0131nda kabristan ziyaretini yapacak vatanda\u015flara y\u00f6nelik d\u00fczenlenecek \u00fccretsiz otob\u00fcs seferleri 5 Haziran Per\u015fembe (Arife) g\u00fcn\u00fc yap\u0131lacak. Seferler, Turgutlu Belediyesi \u00f6n\u00fcnden 09.00-17.00 saatleri aras\u0131nda her saat ba\u015f\u0131 olacak \u015fekilde ger\u00e7ekle\u015fecek.<br \/>\n<br \/>Turgutlu Belediyesi ayn\u0131 zamanda \u00f6zel ihtiya\u00e7l\u0131 bireylerin daha rahat ve konforlu \u015fekilde kabristan ziyaretlerini yapabilmeleri ad\u0131na Engelsiz Ya\u015fam Arac\u0131yla ula\u015f\u0131mlar\u0131n\u0131 sa\u011flayacak.<br \/>\n<br \/>Turgutlu Belediye Ba\u015fkan Yard\u0131mc\u0131s\u0131 H\u00fcseyin Maliz, &#8220;Her bayramda oldu\u011fu gibi bu bayramda da kabristan ziyareti yapmak isteyen ancak ula\u015f\u0131m imkan\u0131 olmayan hem\u015fehrilerimiz ve ayr\u0131ca \u00f6zel ihtiya\u00e7l\u0131 bireylerimiz i\u00e7in Engelsiz Ya\u015fam Arac\u0131m\u0131zla Turgutlu ve Irlamaz Mezarl\u0131klar\u0131na \u00fccretsiz ula\u015f\u0131m deste\u011fi sa\u011flayaca\u011f\u0131z. Hem\u015fehrilerimiz, 09.00-17.00 saatleri aras\u0131nda otob\u00fcs seferlerinden yararlanabilirler&#8221; \u015feklinde konu\u015ftu.<br \/><\/p>\n","protected":false},"excerpt":{"rendered":"<p>Turgutlu Belediyesi, Kurban Bayram\u0131 dolay\u0131s\u0131yla kabristan ziyareti yapacak vatanda\u015flar i\u00e7in \u00fccretsiz seferler d\u00fczenleyecek. Otob\u00fcs seferleri, 5 Haziran Per\u015fembe (Arife) g\u00fcn\u00fc 09.00-17.00 saatleri aras\u0131nda yap\u0131lacak. Turgutlu Belediyesinin bayram \u00f6ncesinde kabristanlara sa\u011flad\u0131\u011f\u0131 ula\u015f\u0131m deste\u011fi bu Kurban Bayram\u0131\u2019nda da devam edecek. Turgutlu ve Irlamaz Mezarl\u0131klar\u0131nda kabristan ziyaretini yapacak vatanda\u015flara y\u00f6nelik d\u00fczenlenecek \u00fccretsiz otob\u00fcs seferleri 5 Haziran Per\u015fembe (Arife)&#8230;<\/p>\n","protected":false},"author":1,"featured_media":33034,"comment_status":"open","ping_status":"open","sticky":false,"template":"","format":"standard","meta":{"_crdt_document":"","footnotes":""},"categories":[125],"tags":[],"class_list":["post-33033","post","type-post","status-publish","format-standard","has-post-thumbnail","hentry","category-ekonomi"],"_links":{"self":[{"href":"https:\/\/www.egemtv.com\/index.php?rest_route=\/wp\/v2\/posts\/33033","targetHints":{"allow":["GET"]}}],"collection":[{"href":"https:\/\/www.egemtv.com\/index.php?rest_route=\/wp\/v2\/posts"}],"about":[{"href":"https:\/\/www.egemtv.com\/index.php?rest_route=\/wp\/v2\/types\/post"}],"author":[{"embeddable":true,"href":"https:\/\/www.egemtv.com\/index.php?rest_route=\/wp\/v2\/users\/1"}],"replies":[{"embeddable":true,"href":"https:\/\/www.egemtv.com\/index.php?rest_route=%2Fwp%2Fv2%2Fcomments&post=33033"}],"version-history":[{"count":1,"href":"https:\/\/www.egemtv.com\/index.php?rest_route=\/wp\/v2\/posts\/33033\/revisions"}],"predecessor-version":[{"id":33035,"href":"https:\/\/www.egemtv.com\/index.php?rest_route=\/wp\/v2\/posts\/33033\/revisions\/33035"}],"wp:featuredmedia":[{"embeddable":true,"href":"https:\/\/www.egemtv.com\/index.php?rest_route=\/wp\/v2\/media\/33034"}],"wp:attachment":[{"href":"https:\/\/www.egemtv.com\/index.php?rest_route=%2Fwp%2Fv2%2Fmedia&parent=33033"}],"wp:term":[{"taxonomy":"category","embeddable":true,"href":"https:\/\/www.egemtv.com\/index.php?rest_route=%2Fwp%2Fv2%2Fcategories&post=33033"},{"taxonomy":"post_tag","embeddable":true,"href":"https:\/\/www.egemtv.com\/index.php?rest_route=%2Fwp%2Fv2%2Ftags&post=33033"}],"curies":[{"name":"wp","href":"https:\/\/api.w.org\/{rel}","templated":true}]}}