{"id":33030,"date":"2025-06-04T14:36:12","date_gmt":"2025-06-04T11:36:12","guid":{"rendered":"https:\/\/www.egemtv.com\/?p=33030"},"modified":"2025-06-04T14:36:21","modified_gmt":"2025-06-04T11:36:21","slug":"aydin-buyuksehir-belediyespor-baskiri-kadrosuna-katti","status":"publish","type":"post","link":"https:\/\/www.egemtv.com\/?p=33030","title":{"rendered":"Ayd\u0131n B\u00fcy\u00fck\u015fehir Belediyespor, Ba\u015fk\u0131r\u2019\u0131 kadrosuna katt\u0131"},"content":{"rendered":"<p>Sultanlar Ligi ekiplerinden Ayd\u0131n B\u00fcy\u00fck\u015fehir Belediyespor, son olarak Be\u015fikta\u015f formas\u0131 giyen orta oyuncu Beliz Ba\u015fk\u0131r\u2019\u0131 kadrosuna katt\u0131.<br \/>\n<br \/>1998 do\u011fumlu olan Beliz Ba\u015fk\u0131r; I\u015f\u0131kkent, Fenerbah\u00e7e, Maltepe Yal\u0131, Ye\u015filyurt, Nil\u00fcfer Belediyespor ve Be\u015fikta\u015f formalar\u0131n\u0131n yan\u0131 s\u0131ra A Milli Tak\u0131m\u0131m\u0131zda da forma giydi.<br \/>\n<br \/>Kul\u00fcpten yap\u0131lan a\u00e7\u0131klamada, &#8220;Ho\u015f geldin, Beliz Ba\u015fk\u0131r. Kul\u00fcb\u00fcm\u00fcz, yeni sezon planlamas\u0131 kapsam\u0131nda orta oyuncu Beliz Ba\u015fk\u0131r ile 1 y\u0131ll\u0131k s\u00f6zle\u015fme imzalad\u0131. Tak\u0131m\u0131m\u0131za yeni sezon i\u00e7in \u00f6nemli bir g\u00fc\u00e7 kataca\u011f\u0131na inand\u0131\u011f\u0131m\u0131z Beliz Ba\u015fk\u0131r\u2019a, yeni sezonda ba\u015far\u0131lar diliyoruz&#8221; ifadelerine yer verildi.<br \/><\/p>\n","protected":false},"excerpt":{"rendered":"<p>Sultanlar Ligi ekiplerinden Ayd\u0131n B\u00fcy\u00fck\u015fehir Belediyespor, son olarak Be\u015fikta\u015f formas\u0131 giyen orta oyuncu Beliz Ba\u015fk\u0131r\u2019\u0131 kadrosuna katt\u0131. 1998 do\u011fumlu olan Beliz Ba\u015fk\u0131r; I\u015f\u0131kkent, Fenerbah\u00e7e, Maltepe Yal\u0131, Ye\u015filyurt, Nil\u00fcfer Belediyespor ve Be\u015fikta\u015f formalar\u0131n\u0131n yan\u0131 s\u0131ra A Milli Tak\u0131m\u0131m\u0131zda da forma giydi. Kul\u00fcpten yap\u0131lan a\u00e7\u0131klamada, &#8220;Ho\u015f geldin, Beliz Ba\u015fk\u0131r. Kul\u00fcb\u00fcm\u00fcz, yeni sezon planlamas\u0131 kapsam\u0131nda orta oyuncu Beliz&#8230;<\/p>\n","protected":false},"author":1,"featured_media":33031,"comment_status":"open","ping_status":"open","sticky":false,"template":"","format":"standard","meta":{"_crdt_document":"","footnotes":""},"categories":[4],"tags":[],"class_list":["post-33030","post","type-post","status-publish","format-standard","has-post-thumbnail","hentry","category-spor"],"_links":{"self":[{"href":"https:\/\/www.egemtv.com\/index.php?rest_route=\/wp\/v2\/posts\/33030","targetHints":{"allow":["GET"]}}],"collection":[{"href":"https:\/\/www.egemtv.com\/index.php?rest_route=\/wp\/v2\/posts"}],"about":[{"href":"https:\/\/www.egemtv.com\/index.php?rest_route=\/wp\/v2\/types\/post"}],"author":[{"embeddable":true,"href":"https:\/\/www.egemtv.com\/index.php?rest_route=\/wp\/v2\/users\/1"}],"replies":[{"embeddable":true,"href":"https:\/\/www.egemtv.com\/index.php?rest_route=%2Fwp%2Fv2%2Fcomments&post=33030"}],"version-history":[{"count":1,"href":"https:\/\/www.egemtv.com\/index.php?rest_route=\/wp\/v2\/posts\/33030\/revisions"}],"predecessor-version":[{"id":33032,"href":"https:\/\/www.egemtv.com\/index.php?rest_route=\/wp\/v2\/posts\/33030\/revisions\/33032"}],"wp:featuredmedia":[{"embeddable":true,"href":"https:\/\/www.egemtv.com\/index.php?rest_route=\/wp\/v2\/media\/33031"}],"wp:attachment":[{"href":"https:\/\/www.egemtv.com\/index.php?rest_route=%2Fwp%2Fv2%2Fmedia&parent=33030"}],"wp:term":[{"taxonomy":"category","embeddable":true,"href":"https:\/\/www.egemtv.com\/index.php?rest_route=%2Fwp%2Fv2%2Fcategories&post=33030"},{"taxonomy":"post_tag","embeddable":true,"href":"https:\/\/www.egemtv.com\/index.php?rest_route=%2Fwp%2Fv2%2Ftags&post=33030"}],"curies":[{"name":"wp","href":"https:\/\/api.w.org\/{rel}","templated":true}]}}