{"id":33027,"date":"2025-06-04T14:16:34","date_gmt":"2025-06-04T11:16:34","guid":{"rendered":"https:\/\/www.egemtv.com\/?p=33027"},"modified":"2025-06-04T14:16:38","modified_gmt":"2025-06-04T11:16:38","slug":"yunusemrede-kurban-bayrami-hazirliklari-tamamlandi","status":"publish","type":"post","link":"https:\/\/www.egemtv.com\/?p=33027","title":{"rendered":"Yunusemre\u2019de Kurban Bayram\u0131 haz\u0131rl\u0131klar\u0131 tamamland\u0131"},"content":{"rendered":"<p>Yunusemre il\u00e7esinde kurban kesim yerleri belli oldu. \u0130l\u00e7ede ayr\u0131ca arife g\u00fcn\u00fc 2 noktada pazar kurulacak. Belediye ekipleri vatanda\u015flar\u0131n ma\u011fdur olmamas\u0131 amac\u0131yla bayram s\u00fcresince teyakkuzda olacak.<br \/>\n<br \/>\u0130l\u00e7ede vatanda\u015flar\u0131n Kurban Bayram\u0131\u2019n\u0131 en g\u00fczel \u015fekilde ge\u00e7irmesi i\u00e7in \u00e7al\u0131\u015fan Yunusemre Belediyesi, bayram haz\u0131rl\u0131klar\u0131n\u0131 tamamlad\u0131. Yunusemre\u2019de vatanda\u015flar, Laleli, Karak\u00f6y, Horozk\u00f6y ve Muradiye Pazaryeri ile \u0130tfaiye bah\u00e7esinde kurban\u0131n\u0131 kesebilecek. Kurban kesim yerlerinde vatanda\u015flara ask\u0131l\u0131k, po\u015fet, \u00e7ay ve su da\u011f\u0131t\u0131m\u0131 yap\u0131lacak. Kesim noktalar\u0131n\u0131n d\u0131\u015f\u0131ndaki sokaklarda, meydanlarda, caddelerde, parklarda ve kamuya ait olan yerlerde kurban kesimi yapan ki\u015filere kaymakaml\u0131k b\u00fcnyesinde olu\u015fturulan komisyon taraf\u0131ndan cezai i\u015flem uygulanacak.<\/p>\n<p>Arife g\u00fcn\u00fc pazar 2 noktada kurulacak<br \/>\n<br \/>\u0130l\u00e7ede ayr\u0131ca arife g\u00fcn\u00fc Muradiye ve Horozk\u00f6y pazar\u0131 kurulacak. Vatanda\u015flar bayram \u00f6ncesi al\u0131\u015fveri\u015flerini bu pazarlardan yapabilecek. Yunusemre Belediye Ba\u015fkan\u0131 Semih Balaban, \u00e7al\u0131\u015fmalara ili\u015fkin yapt\u0131\u011f\u0131 a\u00e7\u0131klamada, &#8220;Kurban Bayram\u0131 i\u00e7in haz\u0131rl\u0131klar\u0131m\u0131z\u0131 tamamlad\u0131k. Bayram s\u00fcresince t\u00fcm ekiplerimiz teyakkuzda olacak. Vatanda\u015flar\u0131m\u0131z\u0131n bayramlar\u0131n\u0131 en g\u00fczel \u015fekilde ge\u00e7irmeleri i\u00e7in birimlerimizce \u00e7al\u0131\u015fmalar\u0131m\u0131z\u0131 s\u00fcrd\u00fcrece\u011fiz&#8221; diye konu\u015ftu.<br \/><\/p>\n","protected":false},"excerpt":{"rendered":"<p>Yunusemre il\u00e7esinde kurban kesim yerleri belli oldu. \u0130l\u00e7ede ayr\u0131ca arife g\u00fcn\u00fc 2 noktada pazar kurulacak. Belediye ekipleri vatanda\u015flar\u0131n ma\u011fdur olmamas\u0131 amac\u0131yla bayram s\u00fcresince teyakkuzda olacak. \u0130l\u00e7ede vatanda\u015flar\u0131n Kurban Bayram\u0131\u2019n\u0131 en g\u00fczel \u015fekilde ge\u00e7irmesi i\u00e7in \u00e7al\u0131\u015fan Yunusemre Belediyesi, bayram haz\u0131rl\u0131klar\u0131n\u0131 tamamlad\u0131. Yunusemre\u2019de vatanda\u015flar, Laleli, Karak\u00f6y, Horozk\u00f6y ve Muradiye Pazaryeri ile \u0130tfaiye bah\u00e7esinde kurban\u0131n\u0131 kesebilecek. Kurban kesim&#8230;<\/p>\n","protected":false},"author":1,"featured_media":33028,"comment_status":"open","ping_status":"open","sticky":false,"template":"","format":"standard","meta":{"_crdt_document":"","footnotes":""},"categories":[1],"tags":[],"class_list":["post-33027","post","type-post","status-publish","format-standard","has-post-thumbnail","hentry","category-guncel"],"_links":{"self":[{"href":"https:\/\/www.egemtv.com\/index.php?rest_route=\/wp\/v2\/posts\/33027","targetHints":{"allow":["GET"]}}],"collection":[{"href":"https:\/\/www.egemtv.com\/index.php?rest_route=\/wp\/v2\/posts"}],"about":[{"href":"https:\/\/www.egemtv.com\/index.php?rest_route=\/wp\/v2\/types\/post"}],"author":[{"embeddable":true,"href":"https:\/\/www.egemtv.com\/index.php?rest_route=\/wp\/v2\/users\/1"}],"replies":[{"embeddable":true,"href":"https:\/\/www.egemtv.com\/index.php?rest_route=%2Fwp%2Fv2%2Fcomments&post=33027"}],"version-history":[{"count":1,"href":"https:\/\/www.egemtv.com\/index.php?rest_route=\/wp\/v2\/posts\/33027\/revisions"}],"predecessor-version":[{"id":33029,"href":"https:\/\/www.egemtv.com\/index.php?rest_route=\/wp\/v2\/posts\/33027\/revisions\/33029"}],"wp:featuredmedia":[{"embeddable":true,"href":"https:\/\/www.egemtv.com\/index.php?rest_route=\/wp\/v2\/media\/33028"}],"wp:attachment":[{"href":"https:\/\/www.egemtv.com\/index.php?rest_route=%2Fwp%2Fv2%2Fmedia&parent=33027"}],"wp:term":[{"taxonomy":"category","embeddable":true,"href":"https:\/\/www.egemtv.com\/index.php?rest_route=%2Fwp%2Fv2%2Fcategories&post=33027"},{"taxonomy":"post_tag","embeddable":true,"href":"https:\/\/www.egemtv.com\/index.php?rest_route=%2Fwp%2Fv2%2Ftags&post=33027"}],"curies":[{"name":"wp","href":"https:\/\/api.w.org\/{rel}","templated":true}]}}